{"id":72,"count":0,"description":"","link":"https:\/\/www.comunicacionyescuela.es\/2026\/eventos\/categoria\/vinculacion-avila-asturias-a-traves-de-la-educacion-1999-2026\/","name":"Vinculaci\u00f3n \u00c1vila-Asturias a trav\u00e9s de la Educaci\u00f3n (1999- 2026)","slug":"vinculacion-avila-asturias-a-traves-de-la-educacion-1999-2026","taxonomy":"tribe_events_cat","parent":0,"meta":[],"_links":{"self":[{"href":"https:\/\/www.comunicacionyescuela.es\/2026\/wp-json\/wp\/v2\/tribe_events_cat\/72","targetHints":{"allow":["GET"]}}],"collection":[{"href":"https:\/\/www.comunicacionyescuela.es\/2026\/wp-json\/wp\/v2\/tribe_events_cat"}],"about":[{"href":"https:\/\/www.comunicacionyescuela.es\/2026\/wp-json\/wp\/v2\/taxonomies\/tribe_events_cat"}],"wp:post_type":[{"href":"https:\/\/www.comunicacionyescuela.es\/2026\/wp-json\/wp\/v2\/tribe_events?tribe_events_cat=72"},{"href":"https:\/\/www.comunicacionyescuela.es\/2026\/wp-json\/wp\/v2\/tec_calendar_embed?tribe_events_cat=72"}],"curies":[{"name":"wp","href":"https:\/\/api.w.org\/{rel}","templated":true}]}}