{"id":7491,"date":"2026-04-28T18:57:37","date_gmt":"2026-04-28T16:57:37","guid":{"rendered":"https:\/\/www.comunicacionyescuela.es\/2026\/?p=7491"},"modified":"2026-04-28T18:57:38","modified_gmt":"2026-04-28T16:57:38","slug":"la-mesa-del-parlamento-de-asturias-con-los-escolares-de-oscos-eo-en-san-martin-de-oscos","status":"publish","type":"post","link":"https:\/\/www.comunicacionyescuela.es\/2026\/la-mesa-del-parlamento-de-asturias-con-los-escolares-de-oscos-eo-en-san-martin-de-oscos\/","title":{"rendered":"La Mesa del Parlamento de Asturias con los escolares de Oscos-Eo en San Mart\u00edn de Oscos"},"content":{"rendered":"\n<p>Casi un centenar de alumnos y alumnas de diversos centros educativos de Oscos-Eo: Colegio La Paloma, Colegio Jovellanos, CRA Oscos e IES Elisa y Luis Villamil, de 6\u00ba de Educaci\u00f3n Primaria y 1\u00ba de Educaci\u00f3n Secundaria, participaron en la Casa de Cultura de San Mart\u00edn de Oscos en una conferencia que llev\u00f3 por t\u00edtulo: \u201cLa Junta General del Principado: el Parlamento de Asturias\u201d. Participaron en esta conferencia el presidente de la Junta General del Principado, Juan Cofi\u00f1o; la vicepresidenta primera, Celia Fern\u00e1ndez; el vicepresidente segundo, Jos\u00e9 Agust\u00edn Cuervas- Mons; la secretaria primera y Marco Fern\u00e1ndez, letrado mayor del Parlamento de Asturias.<br>Este acto sirvi\u00f3 para que los j\u00f3venes pudieran conocer de primera mano lo que son los entresijos de esta instituci\u00f3n auton\u00f3mica. Los integrantes de la Mesa se sometieron a<br>numerosas preguntas sobre temas variados: desde si el medio rural cuenta en el Parlamento, a qu\u00e9 hay qu\u00e9 hacer para ser diputado, o, incluso, sobre si los diputados y diputadas \u201cse portan bien\u201d durante los plenos que se celebran. Tambi\u00e9n interrogaron sobre cu\u00e1les son los temas m\u00e1s importantes que consideran pendientes en Asturias.<br>Durante la jornada tambi\u00e9n estuvo presente la teniente de alcalde del Ayuntamiento de San Mart\u00edn de Oscos, la cual intervino para dar la bienvenida al municipio a todos los asistentes.<br>Est\u00e1 previsto que en este 18 Foro Comunicaci\u00f3n y Escuela, el pr\u00f3ximo mes de mayo, se celebre un Pleno de estudiantes en la sede de la Junta General en Oviedo.<\/p>\n","protected":false},"excerpt":{"rendered":"<p>Casi un centenar de alumnos y alumnas de diversos centros educativos de Oscos-Eo: Colegio La Paloma, Colegio Jovellanos, CRA Oscos e IES Elisa y Luis Villamil, de 6\u00ba de Educaci\u00f3n &#8230; <a title=\"La Mesa del Parlamento de Asturias con los escolares de Oscos-Eo en San Mart\u00edn de Oscos\" class=\"read-more\" href=\"https:\/\/www.comunicacionyescuela.es\/2026\/la-mesa-del-parlamento-de-asturias-con-los-escolares-de-oscos-eo-en-san-martin-de-oscos\/\" aria-label=\"Leer m\u00e1s sobre La Mesa del Parlamento de Asturias con los escolares de Oscos-Eo en San Mart\u00edn de Oscos\">Leer m\u00e1s<\/a><\/p>\n","protected":false},"author":2,"featured_media":7492,"comment_status":"closed","ping_status":"closed","sticky":false,"template":"","format":"standard","meta":{"ngg_post_thumbnail":0,"footnotes":""},"categories":[3],"tags":[],"class_list":["post-7491","post","type-post","status-publish","format-standard","has-post-thumbnail","hentry","category-actualidad-del-foro"],"_links":{"self":[{"href":"https:\/\/www.comunicacionyescuela.es\/2026\/wp-json\/wp\/v2\/posts\/7491","targetHints":{"allow":["GET"]}}],"collection":[{"href":"https:\/\/www.comunicacionyescuela.es\/2026\/wp-json\/wp\/v2\/posts"}],"about":[{"href":"https:\/\/www.comunicacionyescuela.es\/2026\/wp-json\/wp\/v2\/types\/post"}],"author":[{"embeddable":true,"href":"https:\/\/www.comunicacionyescuela.es\/2026\/wp-json\/wp\/v2\/users\/2"}],"replies":[{"embeddable":true,"href":"https:\/\/www.comunicacionyescuela.es\/2026\/wp-json\/wp\/v2\/comments?post=7491"}],"version-history":[{"count":1,"href":"https:\/\/www.comunicacionyescuela.es\/2026\/wp-json\/wp\/v2\/posts\/7491\/revisions"}],"predecessor-version":[{"id":7493,"href":"https:\/\/www.comunicacionyescuela.es\/2026\/wp-json\/wp\/v2\/posts\/7491\/revisions\/7493"}],"wp:featuredmedia":[{"embeddable":true,"href":"https:\/\/www.comunicacionyescuela.es\/2026\/wp-json\/wp\/v2\/media\/7492"}],"wp:attachment":[{"href":"https:\/\/www.comunicacionyescuela.es\/2026\/wp-json\/wp\/v2\/media?parent=7491"}],"wp:term":[{"taxonomy":"category","embeddable":true,"href":"https:\/\/www.comunicacionyescuela.es\/2026\/wp-json\/wp\/v2\/categories?post=7491"},{"taxonomy":"post_tag","embeddable":true,"href":"https:\/\/www.comunicacionyescuela.es\/2026\/wp-json\/wp\/v2\/tags?post=7491"}],"curies":[{"name":"wp","href":"https:\/\/api.w.org\/{rel}","templated":true}]}}