{"id":7488,"date":"2026-04-28T18:55:00","date_gmt":"2026-04-28T16:55:00","guid":{"rendered":"https:\/\/www.comunicacionyescuela.es\/2026\/?p=7488"},"modified":"2026-04-28T18:55:01","modified_gmt":"2026-04-28T16:55:01","slug":"comienza-el-ciclo-sobre-los-valores-de-oscos-eo-en-colaboracion-con-el-periodico-la-nuevaespana-en-taramundi","status":"publish","type":"post","link":"https:\/\/www.comunicacionyescuela.es\/2026\/comienza-el-ciclo-sobre-los-valores-de-oscos-eo-en-colaboracion-con-el-periodico-la-nuevaespana-en-taramundi\/","title":{"rendered":"Comienza el ciclo sobre los valores de Oscos-Eo, en colaboraci\u00f3n con el peri\u00f3dico La NuevaEspa\u00f1a, en Taramundi"},"content":{"rendered":"\n<p>El pr\u00f3ximo d\u00eda 30 de abril tendr\u00e1 lugar en la Casa de Cultura de Taramundi el primero de los seis coloquios que se desarrollar\u00e1n, en colaboraci\u00f3n con el Club La Nueva Espa\u00f1a, a lo largo de esta edici\u00f3n del Foro Comunicaci\u00f3n y Escuela. Este ciclo tiene como objetivo poner de relieve cu\u00e1les son los valores y las posibilidades de un territorio rural, que si bien ha perdido mucha poblaci\u00f3n en las \u00faltimas d\u00e9cadas, acoge en s\u00ed grandes oportunidades. Se llevar\u00e1n a cabo cinco coloquios en las localidades de Taramundi, San Tirso de Abres, Santa Eulalia de Oscos, Castropol, Vegadeo y uno final en Oviedo en la sede del Club La Nueva Espa\u00f1a.<br>En este primer coloquio en Taramundi, que comenzar\u00e1 a las 18,30 intervendr\u00e1n: Ana Mar\u00eda Cotarelo Mon, maestra quesera; Aurelio D\u00edaz Fern\u00e1ndez, artesano cuchillero; Celtia Traviesas M\u00e9ndez, Gerente de la Casa del Agua de Bres y del Museo de la Cuchiller\u00eda y Jes\u00fas Mier Berrenechea, gerente del Hotel La Rectoral.<br>Todos los coloquios estar\u00e1n moderados por la directora del Club La Nueva Espa\u00f1a, Mar\u00eda Jos\u00e9 Iglesias.<\/p>\n","protected":false},"excerpt":{"rendered":"<p>El pr\u00f3ximo d\u00eda 30 de abril tendr\u00e1 lugar en la Casa de Cultura de Taramundi el primero de los seis coloquios que se desarrollar\u00e1n, en colaboraci\u00f3n con el Club La &#8230; <a title=\"Comienza el ciclo sobre los valores de Oscos-Eo, en colaboraci\u00f3n con el peri\u00f3dico La NuevaEspa\u00f1a, en Taramundi\" class=\"read-more\" href=\"https:\/\/www.comunicacionyescuela.es\/2026\/comienza-el-ciclo-sobre-los-valores-de-oscos-eo-en-colaboracion-con-el-periodico-la-nuevaespana-en-taramundi\/\" aria-label=\"Leer m\u00e1s sobre Comienza el ciclo sobre los valores de Oscos-Eo, en colaboraci\u00f3n con el peri\u00f3dico La NuevaEspa\u00f1a, en Taramundi\">Leer m\u00e1s<\/a><\/p>\n","protected":false},"author":2,"featured_media":7489,"comment_status":"closed","ping_status":"closed","sticky":false,"template":"","format":"standard","meta":{"ngg_post_thumbnail":0,"footnotes":""},"categories":[3],"tags":[],"class_list":["post-7488","post","type-post","status-publish","format-standard","has-post-thumbnail","hentry","category-actualidad-del-foro"],"_links":{"self":[{"href":"https:\/\/www.comunicacionyescuela.es\/2026\/wp-json\/wp\/v2\/posts\/7488","targetHints":{"allow":["GET"]}}],"collection":[{"href":"https:\/\/www.comunicacionyescuela.es\/2026\/wp-json\/wp\/v2\/posts"}],"about":[{"href":"https:\/\/www.comunicacionyescuela.es\/2026\/wp-json\/wp\/v2\/types\/post"}],"author":[{"embeddable":true,"href":"https:\/\/www.comunicacionyescuela.es\/2026\/wp-json\/wp\/v2\/users\/2"}],"replies":[{"embeddable":true,"href":"https:\/\/www.comunicacionyescuela.es\/2026\/wp-json\/wp\/v2\/comments?post=7488"}],"version-history":[{"count":1,"href":"https:\/\/www.comunicacionyescuela.es\/2026\/wp-json\/wp\/v2\/posts\/7488\/revisions"}],"predecessor-version":[{"id":7490,"href":"https:\/\/www.comunicacionyescuela.es\/2026\/wp-json\/wp\/v2\/posts\/7488\/revisions\/7490"}],"wp:featuredmedia":[{"embeddable":true,"href":"https:\/\/www.comunicacionyescuela.es\/2026\/wp-json\/wp\/v2\/media\/7489"}],"wp:attachment":[{"href":"https:\/\/www.comunicacionyescuela.es\/2026\/wp-json\/wp\/v2\/media?parent=7488"}],"wp:term":[{"taxonomy":"category","embeddable":true,"href":"https:\/\/www.comunicacionyescuela.es\/2026\/wp-json\/wp\/v2\/categories?post=7488"},{"taxonomy":"post_tag","embeddable":true,"href":"https:\/\/www.comunicacionyescuela.es\/2026\/wp-json\/wp\/v2\/tags?post=7488"}],"curies":[{"name":"wp","href":"https:\/\/api.w.org\/{rel}","templated":true}]}}