{"id":7485,"date":"2026-04-28T18:53:09","date_gmt":"2026-04-28T16:53:09","guid":{"rendered":"https:\/\/www.comunicacionyescuela.es\/2026\/?p=7485"},"modified":"2026-04-28T18:53:10","modified_gmt":"2026-04-28T16:53:10","slug":"conferencia-sobre-la-junta-general-del-principado-en-san-martin-de-oscos","status":"publish","type":"post","link":"https:\/\/www.comunicacionyescuela.es\/2026\/conferencia-sobre-la-junta-general-del-principado-en-san-martin-de-oscos\/","title":{"rendered":"Conferencia sobre la Junta General del Principado en San Mart\u00edn de Oscos"},"content":{"rendered":"\n<p>Alumnos y alumnas de diversos centros educativos de Oscos-Eo: Colegio La Paloma, ColegioJovellanos, CRA Oscos e IES Elisa y Luis Villamil, de 6\u00ba de Educaci\u00f3n Primaria y 1\u00ba de Educaci\u00f3n Secundaria, participar\u00e1n en la Casa de Cultura de San Mart\u00edn de Oscos a una conferencia que lleva por t\u00edtulo: \u201cLa Junta General del Principado: el Parlamento de Asturias\u201d. Participar\u00e1n en esta conferencia el presidente de la Junta General del Principado, Juan Cofi\u00f1o; la vicepresidenta primera, Celia Fern\u00e1ndez; el vicepresidente segundo, Jos\u00e9 Agust\u00edn Cuervas- Mons; la secretaria primera y Marco Fern\u00e1ndez, letrado mayor del Parlamento de Asturias.<br>Est\u00e1 previsto que en este 18 Foro Comunicaci\u00f3n y Escuela, el pr\u00f3ximo mes de mayo, se celebre un Pleno de estudiantes en la sede de la Junta General en Oviedo.<\/p>\n","protected":false},"excerpt":{"rendered":"<p>Alumnos y alumnas de diversos centros educativos de Oscos-Eo: Colegio La Paloma, ColegioJovellanos, CRA Oscos e IES Elisa y Luis Villamil, de 6\u00ba de Educaci\u00f3n Primaria y 1\u00ba de Educaci\u00f3n &#8230; <a title=\"Conferencia sobre la Junta General del Principado en San Mart\u00edn de Oscos\" class=\"read-more\" href=\"https:\/\/www.comunicacionyescuela.es\/2026\/conferencia-sobre-la-junta-general-del-principado-en-san-martin-de-oscos\/\" aria-label=\"Leer m\u00e1s sobre Conferencia sobre la Junta General del Principado en San Mart\u00edn de Oscos\">Leer m\u00e1s<\/a><\/p>\n","protected":false},"author":2,"featured_media":7486,"comment_status":"closed","ping_status":"closed","sticky":false,"template":"","format":"standard","meta":{"ngg_post_thumbnail":0,"footnotes":""},"categories":[3],"tags":[],"class_list":["post-7485","post","type-post","status-publish","format-standard","has-post-thumbnail","hentry","category-actualidad-del-foro"],"_links":{"self":[{"href":"https:\/\/www.comunicacionyescuela.es\/2026\/wp-json\/wp\/v2\/posts\/7485","targetHints":{"allow":["GET"]}}],"collection":[{"href":"https:\/\/www.comunicacionyescuela.es\/2026\/wp-json\/wp\/v2\/posts"}],"about":[{"href":"https:\/\/www.comunicacionyescuela.es\/2026\/wp-json\/wp\/v2\/types\/post"}],"author":[{"embeddable":true,"href":"https:\/\/www.comunicacionyescuela.es\/2026\/wp-json\/wp\/v2\/users\/2"}],"replies":[{"embeddable":true,"href":"https:\/\/www.comunicacionyescuela.es\/2026\/wp-json\/wp\/v2\/comments?post=7485"}],"version-history":[{"count":1,"href":"https:\/\/www.comunicacionyescuela.es\/2026\/wp-json\/wp\/v2\/posts\/7485\/revisions"}],"predecessor-version":[{"id":7487,"href":"https:\/\/www.comunicacionyescuela.es\/2026\/wp-json\/wp\/v2\/posts\/7485\/revisions\/7487"}],"wp:featuredmedia":[{"embeddable":true,"href":"https:\/\/www.comunicacionyescuela.es\/2026\/wp-json\/wp\/v2\/media\/7486"}],"wp:attachment":[{"href":"https:\/\/www.comunicacionyescuela.es\/2026\/wp-json\/wp\/v2\/media?parent=7485"}],"wp:term":[{"taxonomy":"category","embeddable":true,"href":"https:\/\/www.comunicacionyescuela.es\/2026\/wp-json\/wp\/v2\/categories?post=7485"},{"taxonomy":"post_tag","embeddable":true,"href":"https:\/\/www.comunicacionyescuela.es\/2026\/wp-json\/wp\/v2\/tags?post=7485"}],"curies":[{"name":"wp","href":"https:\/\/api.w.org\/{rel}","templated":true}]}}