{"id":7479,"date":"2026-04-24T17:50:04","date_gmt":"2026-04-24T15:50:04","guid":{"rendered":"https:\/\/www.comunicacionyescuela.es\/2026\/?p=7479"},"modified":"2026-04-24T17:50:38","modified_gmt":"2026-04-24T15:50:38","slug":"aqui-diario","status":"publish","type":"post","link":"https:\/\/www.comunicacionyescuela.es\/2026\/aqui-diario\/","title":{"rendered":"Aqu\u00ed Diario"},"content":{"rendered":"\n<p>&#8211;<a href=\"https:\/\/www.instagram.com\/reels\/DW6yBY4DATW\/\" target=\"_blank\" rel=\"noreferrer noopener\">Presentaci\u00f3n del Foro<\/a><\/p>\n\n\n\n<p>&#8211;<a href=\"https:\/\/www.aquidiario.com\/articulo\/occidente-asturias\/escritoras-abren-nueva-edicion-foro-comunicacion-escuela-encontrandose-alumnado-oscos-eo\/20260416184319042224.html\" target=\"_blank\" rel=\"noreferrer noopener\">Escritoras abren la nueva edici\u00f3n del Foro Comunicaci\u00f3n y Escuela, encontr\u00e1ndose con el alumnado de Oscos-Eo<\/a><\/p>\n\n\n\n<p>&#8211;<a href=\"https:\/\/www.instagram.com\/reel\/DXPwd7EiB8P\/\" target=\"_blank\" rel=\"noreferrer noopener\">La presidenta del Congreso de los Diputados visit\u00f3 el IES en el marco del Foro Comunicaci\u00f3n y Escuela<\/a><\/p>\n\n\n\n<p>&#8211;<a href=\"https:\/\/www.facebook.com\/watch\/?v=26745576218464094\" target=\"_blank\" rel=\"noreferrer noopener\">La presidenta del Congreso de los Diputados visit\u00f3 el IES en el marco del Foro Comunicaci\u00f3n y Escuela<\/a><\/p>\n","protected":false},"excerpt":{"rendered":"<p>&#8211;Presentaci\u00f3n del Foro &#8211;Escritoras abren la nueva edici\u00f3n del Foro Comunicaci\u00f3n y Escuela, encontr\u00e1ndose con el alumnado de Oscos-Eo &#8211;La presidenta del Congreso de los Diputados visit\u00f3 el IES en &#8230; <a title=\"Aqu\u00ed Diario\" class=\"read-more\" href=\"https:\/\/www.comunicacionyescuela.es\/2026\/aqui-diario\/\" aria-label=\"Leer m\u00e1s sobre Aqu\u00ed Diario\">Leer m\u00e1s<\/a><\/p>\n","protected":false},"author":2,"featured_media":0,"comment_status":"closed","ping_status":"closed","sticky":false,"template":"","format":"standard","meta":{"ngg_post_thumbnail":0,"footnotes":""},"categories":[6],"tags":[],"class_list":["post-7479","post","type-post","status-publish","format-standard","hentry","category-noticias-en-prensa"],"_links":{"self":[{"href":"https:\/\/www.comunicacionyescuela.es\/2026\/wp-json\/wp\/v2\/posts\/7479","targetHints":{"allow":["GET"]}}],"collection":[{"href":"https:\/\/www.comunicacionyescuela.es\/2026\/wp-json\/wp\/v2\/posts"}],"about":[{"href":"https:\/\/www.comunicacionyescuela.es\/2026\/wp-json\/wp\/v2\/types\/post"}],"author":[{"embeddable":true,"href":"https:\/\/www.comunicacionyescuela.es\/2026\/wp-json\/wp\/v2\/users\/2"}],"replies":[{"embeddable":true,"href":"https:\/\/www.comunicacionyescuela.es\/2026\/wp-json\/wp\/v2\/comments?post=7479"}],"version-history":[{"count":1,"href":"https:\/\/www.comunicacionyescuela.es\/2026\/wp-json\/wp\/v2\/posts\/7479\/revisions"}],"predecessor-version":[{"id":7480,"href":"https:\/\/www.comunicacionyescuela.es\/2026\/wp-json\/wp\/v2\/posts\/7479\/revisions\/7480"}],"wp:attachment":[{"href":"https:\/\/www.comunicacionyescuela.es\/2026\/wp-json\/wp\/v2\/media?parent=7479"}],"wp:term":[{"taxonomy":"category","embeddable":true,"href":"https:\/\/www.comunicacionyescuela.es\/2026\/wp-json\/wp\/v2\/categories?post=7479"},{"taxonomy":"post_tag","embeddable":true,"href":"https:\/\/www.comunicacionyescuela.es\/2026\/wp-json\/wp\/v2\/tags?post=7479"}],"curies":[{"name":"wp","href":"https:\/\/api.w.org\/{rel}","templated":true}]}}