{"id":7477,"date":"2026-04-24T17:42:30","date_gmt":"2026-04-24T15:42:30","guid":{"rendered":"https:\/\/www.comunicacionyescuela.es\/2026\/?p=7477"},"modified":"2026-04-24T17:42:31","modified_gmt":"2026-04-24T15:42:31","slug":"la-nueva-espana","status":"publish","type":"post","link":"https:\/\/www.comunicacionyescuela.es\/2026\/la-nueva-espana\/","title":{"rendered":"La Nueva Espa\u00f1a"},"content":{"rendered":"\n<p>&#8211;<a href=\"https:\/\/www.lne.es\/occidente\/2026\/04\/09\/foro-comunicacion-escuela-abre-edicion-128919909.html\" target=\"_blank\" rel=\"noreferrer noopener\">El Foro Comunicaci\u00f3n y Escuela abre la edici\u00f3n de su mayor\u00eda de edad con un sentido homenaje en San Juan de Moldes a la escuela rural<\/a><\/p>\n\n\n\n<p>&#8211;<a href=\"https:\/\/www.lne.es\/fotos\/occidente\/2026\/04\/09\/imagenes-presentacion-xviii-foro-comunicacion-128919939.html\" target=\"_blank\" rel=\"noreferrer noopener\">En im\u00e1genes: As\u00ed fue la presentaci\u00f3n del XVIII Foro Comunicaci\u00f3n y Escuela de Vegadeo<\/a><\/p>\n\n\n\n<p>&#8211;<a href=\"https:\/\/www.lne.es\/videos\/occidente\/2026\/04\/09\/escuela-rural-san-juan-moldes-128917517.html\" target=\"_blank\" rel=\"noreferrer noopener\">La escuela rural de San Juan de Moldes acoge la presentaci\u00f3n del XVIII Foro Comunicaci\u00f3n y Escuela del instituto de Vegadeo<\/a><\/p>\n\n\n\n<p>&#8211;<a href=\"https:\/\/www.lne.es\/occidente\/2026\/04\/15\/escritora-carme-riera-vegadeo-buen-129135440.html\" target=\"_blank\" rel=\"noreferrer noopener\">La escritora Carme Riera en Vegadeo: \u00abUn buen profesor de literatura abre puertas y ventanas; hay que hacer leer a los alumnos cosas que les motiven\u00bb<\/a><\/p>\n\n\n\n<p>&#8211;<a href=\"https:\/\/www.lne.es\/occidente\/2026\/04\/16\/foro-comunicacion-escuela-instituto-vegadeo-129177961.html\" target=\"_blank\" rel=\"noreferrer noopener\">El Foro Comunicaci\u00f3n y Escuela del instituto de Vegadeo fomenta la lectura entre el alumnado de colegios e instituto con escritoras de referencia: \u00abEsto es un logro de la escuela p\u00fablica\u00bb<\/a><br><br><\/p>\n\n\n\n<p><\/p>\n","protected":false},"excerpt":{"rendered":"<p>&#8211;El Foro Comunicaci\u00f3n y Escuela abre la edici\u00f3n de su mayor\u00eda de edad con un sentido homenaje en San Juan de Moldes a la escuela rural &#8211;En im\u00e1genes: As\u00ed fue &#8230; <a title=\"La Nueva Espa\u00f1a\" class=\"read-more\" href=\"https:\/\/www.comunicacionyescuela.es\/2026\/la-nueva-espana\/\" aria-label=\"Leer m\u00e1s sobre La Nueva Espa\u00f1a\">Leer m\u00e1s<\/a><\/p>\n","protected":false},"author":2,"featured_media":0,"comment_status":"closed","ping_status":"closed","sticky":false,"template":"","format":"standard","meta":{"ngg_post_thumbnail":0,"footnotes":""},"categories":[6],"tags":[],"class_list":["post-7477","post","type-post","status-publish","format-standard","hentry","category-noticias-en-prensa"],"_links":{"self":[{"href":"https:\/\/www.comunicacionyescuela.es\/2026\/wp-json\/wp\/v2\/posts\/7477","targetHints":{"allow":["GET"]}}],"collection":[{"href":"https:\/\/www.comunicacionyescuela.es\/2026\/wp-json\/wp\/v2\/posts"}],"about":[{"href":"https:\/\/www.comunicacionyescuela.es\/2026\/wp-json\/wp\/v2\/types\/post"}],"author":[{"embeddable":true,"href":"https:\/\/www.comunicacionyescuela.es\/2026\/wp-json\/wp\/v2\/users\/2"}],"replies":[{"embeddable":true,"href":"https:\/\/www.comunicacionyescuela.es\/2026\/wp-json\/wp\/v2\/comments?post=7477"}],"version-history":[{"count":1,"href":"https:\/\/www.comunicacionyescuela.es\/2026\/wp-json\/wp\/v2\/posts\/7477\/revisions"}],"predecessor-version":[{"id":7478,"href":"https:\/\/www.comunicacionyescuela.es\/2026\/wp-json\/wp\/v2\/posts\/7477\/revisions\/7478"}],"wp:attachment":[{"href":"https:\/\/www.comunicacionyescuela.es\/2026\/wp-json\/wp\/v2\/media?parent=7477"}],"wp:term":[{"taxonomy":"category","embeddable":true,"href":"https:\/\/www.comunicacionyescuela.es\/2026\/wp-json\/wp\/v2\/categories?post=7477"},{"taxonomy":"post_tag","embeddable":true,"href":"https:\/\/www.comunicacionyescuela.es\/2026\/wp-json\/wp\/v2\/tags?post=7477"}],"curies":[{"name":"wp","href":"https:\/\/api.w.org\/{rel}","templated":true}]}}