{"id":6749,"date":"2026-04-24T12:53:21","date_gmt":"2026-04-24T10:53:21","guid":{"rendered":"https:\/\/www.comunicacionyescuela.es\/2026\/?p=6749"},"modified":"2026-04-24T12:53:22","modified_gmt":"2026-04-24T10:53:22","slug":"una-clase-de-altura-en-el-aeropuerto-de-asturias","status":"publish","type":"post","link":"https:\/\/www.comunicacionyescuela.es\/2026\/una-clase-de-altura-en-el-aeropuerto-de-asturias\/","title":{"rendered":"Una clase de altura en el Aeropuerto de Asturias"},"content":{"rendered":"\n<p>Los alumnos y alumnas de Bachillerato que cursan las asignaturas optativas de Tecnolog\u00eda asisten a una aut\u00e9ntica clase sobre la navegaci\u00f3n a\u00e9rea en el mismo Aeropuerto de Asturias que fue impartida por el jefe de Operaciones, Jos\u00e9 Antonio Leiva. Posteriormente, realizaron\u00a0 una visita a la torre de control en la que el alumnado recibi\u00f3 amplias explicaciones, a modo de clase pr\u00e1ctica, a cargo de las controladoras a\u00e9reas Geli Cuetos y Celia Pulgar sobre la regulaci\u00f3n del tr\u00e1fico a\u00e9reo. Adem\u00e1s, los estudiantes tuvieron la oportunidad de ver las operaciones de despegue y aterrizaje de dos aviones desde la propia torre de control. Nuestra gratitud al jefe de operaciones del Aeropuerto de Asturias, Jos\u00e9 Antonio Leiva, por todas sus atenciones.<\/p>\n","protected":false},"excerpt":{"rendered":"<p>Los alumnos y alumnas de Bachillerato que cursan las asignaturas optativas de Tecnolog\u00eda asisten a una aut\u00e9ntica clase sobre la navegaci\u00f3n a\u00e9rea en el mismo Aeropuerto de Asturias que fue &#8230; <a title=\"Una clase de altura en el Aeropuerto de Asturias\" class=\"read-more\" href=\"https:\/\/www.comunicacionyescuela.es\/2026\/una-clase-de-altura-en-el-aeropuerto-de-asturias\/\" aria-label=\"Leer m\u00e1s sobre Una clase de altura en el Aeropuerto de Asturias\">Leer m\u00e1s<\/a><\/p>\n","protected":false},"author":2,"featured_media":6750,"comment_status":"closed","ping_status":"closed","sticky":false,"template":"","format":"standard","meta":{"ngg_post_thumbnail":0,"footnotes":""},"categories":[3],"tags":[],"class_list":["post-6749","post","type-post","status-publish","format-standard","has-post-thumbnail","hentry","category-actualidad-del-foro"],"_links":{"self":[{"href":"https:\/\/www.comunicacionyescuela.es\/2026\/wp-json\/wp\/v2\/posts\/6749","targetHints":{"allow":["GET"]}}],"collection":[{"href":"https:\/\/www.comunicacionyescuela.es\/2026\/wp-json\/wp\/v2\/posts"}],"about":[{"href":"https:\/\/www.comunicacionyescuela.es\/2026\/wp-json\/wp\/v2\/types\/post"}],"author":[{"embeddable":true,"href":"https:\/\/www.comunicacionyescuela.es\/2026\/wp-json\/wp\/v2\/users\/2"}],"replies":[{"embeddable":true,"href":"https:\/\/www.comunicacionyescuela.es\/2026\/wp-json\/wp\/v2\/comments?post=6749"}],"version-history":[{"count":1,"href":"https:\/\/www.comunicacionyescuela.es\/2026\/wp-json\/wp\/v2\/posts\/6749\/revisions"}],"predecessor-version":[{"id":6751,"href":"https:\/\/www.comunicacionyescuela.es\/2026\/wp-json\/wp\/v2\/posts\/6749\/revisions\/6751"}],"wp:featuredmedia":[{"embeddable":true,"href":"https:\/\/www.comunicacionyescuela.es\/2026\/wp-json\/wp\/v2\/media\/6750"}],"wp:attachment":[{"href":"https:\/\/www.comunicacionyescuela.es\/2026\/wp-json\/wp\/v2\/media?parent=6749"}],"wp:term":[{"taxonomy":"category","embeddable":true,"href":"https:\/\/www.comunicacionyescuela.es\/2026\/wp-json\/wp\/v2\/categories?post=6749"},{"taxonomy":"post_tag","embeddable":true,"href":"https:\/\/www.comunicacionyescuela.es\/2026\/wp-json\/wp\/v2\/tags?post=6749"}],"curies":[{"name":"wp","href":"https:\/\/api.w.org\/{rel}","templated":true}]}}