{"id":6746,"date":"2026-04-24T12:51:39","date_gmt":"2026-04-24T10:51:39","guid":{"rendered":"https:\/\/www.comunicacionyescuela.es\/2026\/?p=6746"},"modified":"2026-04-24T12:51:40","modified_gmt":"2026-04-24T10:51:40","slug":"estudiantes-de-bachillerato-se-acercan-a-la-navegacion-aerea","status":"publish","type":"post","link":"https:\/\/www.comunicacionyescuela.es\/2026\/estudiantes-de-bachillerato-se-acercan-a-la-navegacion-aerea\/","title":{"rendered":"Estudiantes de Bachillerato se acercan a la navegaci\u00f3n a\u00e9rea"},"content":{"rendered":"\n<p>El alumnado que cursa las optativas de Tecnolog\u00eda de 1\u00b0 y 2\u00b0 de Bachillerato viajar\u00e1n al Aeropuerto de Asturias para asistir a una conferencia a cargo de su director, Pedro Cotilla, y del jefe de Operaciones, Jos\u00e9 Antonio Leiva. Posteriormente, tendr\u00e1n la oportunidad de conocer la torre de control y su funcionamiento. Toda una oportunidad de c\u00f3mo se ejecuta el control de la navegaci\u00f3n a\u00e9rea.<\/p>\n","protected":false},"excerpt":{"rendered":"<p>El alumnado que cursa las optativas de Tecnolog\u00eda de 1\u00b0 y 2\u00b0 de Bachillerato viajar\u00e1n al Aeropuerto de Asturias para asistir a una conferencia a cargo de su director, Pedro &#8230; <a title=\"Estudiantes de Bachillerato se acercan a la navegaci\u00f3n a\u00e9rea\" class=\"read-more\" href=\"https:\/\/www.comunicacionyescuela.es\/2026\/estudiantes-de-bachillerato-se-acercan-a-la-navegacion-aerea\/\" aria-label=\"Leer m\u00e1s sobre Estudiantes de Bachillerato se acercan a la navegaci\u00f3n a\u00e9rea\">Leer m\u00e1s<\/a><\/p>\n","protected":false},"author":2,"featured_media":6747,"comment_status":"closed","ping_status":"closed","sticky":false,"template":"","format":"standard","meta":{"ngg_post_thumbnail":0,"footnotes":""},"categories":[3],"tags":[],"class_list":["post-6746","post","type-post","status-publish","format-standard","has-post-thumbnail","hentry","category-actualidad-del-foro"],"_links":{"self":[{"href":"https:\/\/www.comunicacionyescuela.es\/2026\/wp-json\/wp\/v2\/posts\/6746","targetHints":{"allow":["GET"]}}],"collection":[{"href":"https:\/\/www.comunicacionyescuela.es\/2026\/wp-json\/wp\/v2\/posts"}],"about":[{"href":"https:\/\/www.comunicacionyescuela.es\/2026\/wp-json\/wp\/v2\/types\/post"}],"author":[{"embeddable":true,"href":"https:\/\/www.comunicacionyescuela.es\/2026\/wp-json\/wp\/v2\/users\/2"}],"replies":[{"embeddable":true,"href":"https:\/\/www.comunicacionyescuela.es\/2026\/wp-json\/wp\/v2\/comments?post=6746"}],"version-history":[{"count":1,"href":"https:\/\/www.comunicacionyescuela.es\/2026\/wp-json\/wp\/v2\/posts\/6746\/revisions"}],"predecessor-version":[{"id":6748,"href":"https:\/\/www.comunicacionyescuela.es\/2026\/wp-json\/wp\/v2\/posts\/6746\/revisions\/6748"}],"wp:featuredmedia":[{"embeddable":true,"href":"https:\/\/www.comunicacionyescuela.es\/2026\/wp-json\/wp\/v2\/media\/6747"}],"wp:attachment":[{"href":"https:\/\/www.comunicacionyescuela.es\/2026\/wp-json\/wp\/v2\/media?parent=6746"}],"wp:term":[{"taxonomy":"category","embeddable":true,"href":"https:\/\/www.comunicacionyescuela.es\/2026\/wp-json\/wp\/v2\/categories?post=6746"},{"taxonomy":"post_tag","embeddable":true,"href":"https:\/\/www.comunicacionyescuela.es\/2026\/wp-json\/wp\/v2\/tags?post=6746"}],"curies":[{"name":"wp","href":"https:\/\/api.w.org\/{rel}","templated":true}]}}