{"id":6743,"date":"2026-04-24T12:49:44","date_gmt":"2026-04-24T10:49:44","guid":{"rendered":"https:\/\/www.comunicacionyescuela.es\/2026\/?p=6743"},"modified":"2026-04-24T12:49:45","modified_gmt":"2026-04-24T10:49:45","slug":"francina-armengol-la-educacion-es-el-arma-mas-poderosa-para-la-igualdad-de-oportunidades","status":"publish","type":"post","link":"https:\/\/www.comunicacionyescuela.es\/2026\/francina-armengol-la-educacion-es-el-arma-mas-poderosa-para-la-igualdad-de-oportunidades\/","title":{"rendered":"Francina Armengol: \u201cLa educaci\u00f3n es el arma m\u00e1s poderosa para la igualdad de oportunidades\u201d"},"content":{"rendered":"\n<p>La presidenta del Congreso de los Diputados, Francina Armengol, anim\u00f3 a los estudiantes de Vegadeo a que participen en las instituciones democr\u00e1ticas en el futuro&nbsp; y defini\u00f3 al Congreso de los Diputados como el coraz\u00f3n de la democracia en Espa\u00f1a, ya que su composici\u00f3n emana directamente de lo que los ciudadanos y ciudadanas expresan en las urnas. Hizo hincapi\u00e9 en que la participaci\u00f3n pol\u00edtica es la garant\u00eda de la Constituci\u00f3n y de c\u00f3mo a partir de la configuraci\u00f3n de las c\u00e1maras se articula el Estado. Durante su conferencia detall\u00f3 las principales funciones de la C\u00e1mara Baja, entre las que destac\u00f3 la producci\u00f3n de las leyes, que regulan el funcionamiento de la sociedad, y el control al Gobierno de la naci\u00f3n.<\/p>\n\n\n\n<p>Adem\u00e1s, puso en valor el significado de la educaci\u00f3n como motor de igualdad y el significado del Foro Comunicaci\u00f3n y Escuela. Con la visita de Francina Armengol son cinco los presidentes del Congreso y Senado que han viajado a Vegadeo desde el inicio del Foro en 2009: Ana Pastor, Meritxell Batet y Francina Armengol, presidentas del Congreso y Javier Rojo y Pedro Roll\u00e1n, presidentes del Senado.<\/p>\n\n\n\n<p>Durante su estancia en Vegadeo, estuvo acompa\u00f1ada por la consejera de Educaci\u00f3n del Gobierno de Asturias, Eva Ledo, entre otras autoridades.<\/p>\n","protected":false},"excerpt":{"rendered":"<p>La presidenta del Congreso de los Diputados, Francina Armengol, anim\u00f3 a los estudiantes de Vegadeo a que participen en las instituciones democr\u00e1ticas en el futuro&nbsp; y defini\u00f3 al Congreso de &#8230; <a title=\"Francina Armengol: \u201cLa educaci\u00f3n es el arma m\u00e1s poderosa para la igualdad de oportunidades\u201d\" class=\"read-more\" href=\"https:\/\/www.comunicacionyescuela.es\/2026\/francina-armengol-la-educacion-es-el-arma-mas-poderosa-para-la-igualdad-de-oportunidades\/\" aria-label=\"Leer m\u00e1s sobre Francina Armengol: \u201cLa educaci\u00f3n es el arma m\u00e1s poderosa para la igualdad de oportunidades\u201d\">Leer m\u00e1s<\/a><\/p>\n","protected":false},"author":2,"featured_media":6744,"comment_status":"closed","ping_status":"closed","sticky":false,"template":"","format":"standard","meta":{"ngg_post_thumbnail":0,"footnotes":""},"categories":[3],"tags":[],"class_list":["post-6743","post","type-post","status-publish","format-standard","has-post-thumbnail","hentry","category-actualidad-del-foro"],"_links":{"self":[{"href":"https:\/\/www.comunicacionyescuela.es\/2026\/wp-json\/wp\/v2\/posts\/6743","targetHints":{"allow":["GET"]}}],"collection":[{"href":"https:\/\/www.comunicacionyescuela.es\/2026\/wp-json\/wp\/v2\/posts"}],"about":[{"href":"https:\/\/www.comunicacionyescuela.es\/2026\/wp-json\/wp\/v2\/types\/post"}],"author":[{"embeddable":true,"href":"https:\/\/www.comunicacionyescuela.es\/2026\/wp-json\/wp\/v2\/users\/2"}],"replies":[{"embeddable":true,"href":"https:\/\/www.comunicacionyescuela.es\/2026\/wp-json\/wp\/v2\/comments?post=6743"}],"version-history":[{"count":1,"href":"https:\/\/www.comunicacionyescuela.es\/2026\/wp-json\/wp\/v2\/posts\/6743\/revisions"}],"predecessor-version":[{"id":6745,"href":"https:\/\/www.comunicacionyescuela.es\/2026\/wp-json\/wp\/v2\/posts\/6743\/revisions\/6745"}],"wp:featuredmedia":[{"embeddable":true,"href":"https:\/\/www.comunicacionyescuela.es\/2026\/wp-json\/wp\/v2\/media\/6744"}],"wp:attachment":[{"href":"https:\/\/www.comunicacionyescuela.es\/2026\/wp-json\/wp\/v2\/media?parent=6743"}],"wp:term":[{"taxonomy":"category","embeddable":true,"href":"https:\/\/www.comunicacionyescuela.es\/2026\/wp-json\/wp\/v2\/categories?post=6743"},{"taxonomy":"post_tag","embeddable":true,"href":"https:\/\/www.comunicacionyescuela.es\/2026\/wp-json\/wp\/v2\/tags?post=6743"}],"curies":[{"name":"wp","href":"https:\/\/api.w.org\/{rel}","templated":true}]}}