{"id":6737,"date":"2026-04-24T12:46:12","date_gmt":"2026-04-24T10:46:12","guid":{"rendered":"https:\/\/www.comunicacionyescuela.es\/2026\/?p=6737"},"modified":"2026-04-24T12:46:13","modified_gmt":"2026-04-24T10:46:13","slug":"impresionante-exposicion-literaria-en-el-paseo-fluvial-del-rio-suaron","status":"publish","type":"post","link":"https:\/\/www.comunicacionyescuela.es\/2026\/impresionante-exposicion-literaria-en-el-paseo-fluvial-del-rio-suaron\/","title":{"rendered":"Impresionante exposici\u00f3n literaria en el paseo fluvial del R\u00edo Suar\u00f3n"},"content":{"rendered":"\n<p>Una espectacular exposici\u00f3n literaria con paneles que recogen fragmentos de libros de todas las autoras que participaron en las dos jornadas\u00a0 \u201cMujer y literatura\u201d fue inaugurada en el paseo fluvial que discurre paralelo al curso del R\u00edo Suar\u00f3n. Durante un recorrido de m\u00e1s de 500 metros se puede visitar este aut\u00e9ntico paseo de la literatura que congreg\u00f3 en su inauguraci\u00f3n\u00a0 a todos los estudiantes del IES Elisa y Luis Villamil as\u00ed como a representantes de otros centros educativos de Oscos-Eo que participaron en estas jornadas.<\/p>\n","protected":false},"excerpt":{"rendered":"<p>Una espectacular exposici\u00f3n literaria con paneles que recogen fragmentos de libros de todas las autoras que participaron en las dos jornadas\u00a0 \u201cMujer y literatura\u201d fue inaugurada en el paseo fluvial &#8230; <a title=\"Impresionante exposici\u00f3n literaria en el paseo fluvial del R\u00edo Suar\u00f3n\" class=\"read-more\" href=\"https:\/\/www.comunicacionyescuela.es\/2026\/impresionante-exposicion-literaria-en-el-paseo-fluvial-del-rio-suaron\/\" aria-label=\"Leer m\u00e1s sobre Impresionante exposici\u00f3n literaria en el paseo fluvial del R\u00edo Suar\u00f3n\">Leer m\u00e1s<\/a><\/p>\n","protected":false},"author":2,"featured_media":6738,"comment_status":"closed","ping_status":"closed","sticky":false,"template":"","format":"standard","meta":{"ngg_post_thumbnail":0,"footnotes":""},"categories":[3],"tags":[],"class_list":["post-6737","post","type-post","status-publish","format-standard","has-post-thumbnail","hentry","category-actualidad-del-foro"],"_links":{"self":[{"href":"https:\/\/www.comunicacionyescuela.es\/2026\/wp-json\/wp\/v2\/posts\/6737","targetHints":{"allow":["GET"]}}],"collection":[{"href":"https:\/\/www.comunicacionyescuela.es\/2026\/wp-json\/wp\/v2\/posts"}],"about":[{"href":"https:\/\/www.comunicacionyescuela.es\/2026\/wp-json\/wp\/v2\/types\/post"}],"author":[{"embeddable":true,"href":"https:\/\/www.comunicacionyescuela.es\/2026\/wp-json\/wp\/v2\/users\/2"}],"replies":[{"embeddable":true,"href":"https:\/\/www.comunicacionyescuela.es\/2026\/wp-json\/wp\/v2\/comments?post=6737"}],"version-history":[{"count":1,"href":"https:\/\/www.comunicacionyescuela.es\/2026\/wp-json\/wp\/v2\/posts\/6737\/revisions"}],"predecessor-version":[{"id":6739,"href":"https:\/\/www.comunicacionyescuela.es\/2026\/wp-json\/wp\/v2\/posts\/6737\/revisions\/6739"}],"wp:featuredmedia":[{"embeddable":true,"href":"https:\/\/www.comunicacionyescuela.es\/2026\/wp-json\/wp\/v2\/media\/6738"}],"wp:attachment":[{"href":"https:\/\/www.comunicacionyescuela.es\/2026\/wp-json\/wp\/v2\/media?parent=6737"}],"wp:term":[{"taxonomy":"category","embeddable":true,"href":"https:\/\/www.comunicacionyescuela.es\/2026\/wp-json\/wp\/v2\/categories?post=6737"},{"taxonomy":"post_tag","embeddable":true,"href":"https:\/\/www.comunicacionyescuela.es\/2026\/wp-json\/wp\/v2\/tags?post=6737"}],"curies":[{"name":"wp","href":"https:\/\/api.w.org\/{rel}","templated":true}]}}