{"id":6734,"date":"2026-04-24T12:44:25","date_gmt":"2026-04-24T10:44:25","guid":{"rendered":"https:\/\/www.comunicacionyescuela.es\/2026\/?p=6734"},"modified":"2026-04-24T12:44:26","modified_gmt":"2026-04-24T10:44:26","slug":"los-centros-educativos-de-oscos-eo-se-llenan-de-mujeres-escritoras","status":"publish","type":"post","link":"https:\/\/www.comunicacionyescuela.es\/2026\/los-centros-educativos-de-oscos-eo-se-llenan-de-mujeres-escritoras\/","title":{"rendered":"Los centros educativos de Oscos-Eo se llenan de mujeres escritoras"},"content":{"rendered":"\n<p>Una aut\u00e9ntica fiesta de la literatura con autoras venidas desde diferentes lugares de Espa\u00f1a y con la participaci\u00f3n de estudiantes del Colegio Jovellanos, Colegio La Paloma, CRA R\u00eda del Eo, CRA Oscos e IES Elisa y Luis Villamil. Nuestra gratitud a Beatriz Os\u00e9s, Isabel Molina, Mar\u00eda Teresa \u00c1lvarez, Chiqui Fabregat, Violeta Monreal, y M\u00f3nica Rodr\u00edguez; as\u00ed como a las editoriales Anaya, Santillana y Edeb\u00e9.<\/p>\n\n\n\n<p>Hemos desarrollado en estos dos d\u00edas actos literarios en cinco centros educativos de Oscos-Eo, toda una actividad pionera en la promoci\u00f3n de la lectura entre los estudiantes de Educaci\u00f3n Primaria y Educaci\u00f3n Secundaria.<\/p>\n","protected":false},"excerpt":{"rendered":"<p>Una aut\u00e9ntica fiesta de la literatura con autoras venidas desde diferentes lugares de Espa\u00f1a y con la participaci\u00f3n de estudiantes del Colegio Jovellanos, Colegio La Paloma, CRA R\u00eda del Eo, &#8230; <a title=\"Los centros educativos de Oscos-Eo se llenan de mujeres escritoras\" class=\"read-more\" href=\"https:\/\/www.comunicacionyescuela.es\/2026\/los-centros-educativos-de-oscos-eo-se-llenan-de-mujeres-escritoras\/\" aria-label=\"Leer m\u00e1s sobre Los centros educativos de Oscos-Eo se llenan de mujeres escritoras\">Leer m\u00e1s<\/a><\/p>\n","protected":false},"author":2,"featured_media":6735,"comment_status":"closed","ping_status":"closed","sticky":false,"template":"","format":"standard","meta":{"ngg_post_thumbnail":0,"footnotes":""},"categories":[3],"tags":[],"class_list":["post-6734","post","type-post","status-publish","format-standard","has-post-thumbnail","hentry","category-actualidad-del-foro"],"_links":{"self":[{"href":"https:\/\/www.comunicacionyescuela.es\/2026\/wp-json\/wp\/v2\/posts\/6734","targetHints":{"allow":["GET"]}}],"collection":[{"href":"https:\/\/www.comunicacionyescuela.es\/2026\/wp-json\/wp\/v2\/posts"}],"about":[{"href":"https:\/\/www.comunicacionyescuela.es\/2026\/wp-json\/wp\/v2\/types\/post"}],"author":[{"embeddable":true,"href":"https:\/\/www.comunicacionyescuela.es\/2026\/wp-json\/wp\/v2\/users\/2"}],"replies":[{"embeddable":true,"href":"https:\/\/www.comunicacionyescuela.es\/2026\/wp-json\/wp\/v2\/comments?post=6734"}],"version-history":[{"count":1,"href":"https:\/\/www.comunicacionyescuela.es\/2026\/wp-json\/wp\/v2\/posts\/6734\/revisions"}],"predecessor-version":[{"id":6736,"href":"https:\/\/www.comunicacionyescuela.es\/2026\/wp-json\/wp\/v2\/posts\/6734\/revisions\/6736"}],"wp:featuredmedia":[{"embeddable":true,"href":"https:\/\/www.comunicacionyescuela.es\/2026\/wp-json\/wp\/v2\/media\/6735"}],"wp:attachment":[{"href":"https:\/\/www.comunicacionyescuela.es\/2026\/wp-json\/wp\/v2\/media?parent=6734"}],"wp:term":[{"taxonomy":"category","embeddable":true,"href":"https:\/\/www.comunicacionyescuela.es\/2026\/wp-json\/wp\/v2\/categories?post=6734"},{"taxonomy":"post_tag","embeddable":true,"href":"https:\/\/www.comunicacionyescuela.es\/2026\/wp-json\/wp\/v2\/tags?post=6734"}],"curies":[{"name":"wp","href":"https:\/\/api.w.org\/{rel}","templated":true}]}}