{"id":6731,"date":"2026-04-24T12:42:58","date_gmt":"2026-04-24T10:42:58","guid":{"rendered":"https:\/\/www.comunicacionyescuela.es\/2026\/?p=6731"},"modified":"2026-04-24T12:42:59","modified_gmt":"2026-04-24T10:42:59","slug":"un-repaso-al-papel-de-la-mujer-en-la-literatura-con-dos-autoras-de-altura","status":"publish","type":"post","link":"https:\/\/www.comunicacionyescuela.es\/2026\/un-repaso-al-papel-de-la-mujer-en-la-literatura-con-dos-autoras-de-altura\/","title":{"rendered":"Un repaso al papel de la mujer en la literatura con dos autoras de altura"},"content":{"rendered":"\n<p>Las escritoras Mar\u00eda Teresa \u00c1lvarez y Maite Uceda\u00a0 hicieron notar su genialidad literaria en el coloquio que tuvo lugar en la Biblioteca Men\u00e9ndez Pelayo de Castropol. Durante su intervenci\u00f3n, ambas autoras, profundizaron en el significado de su obra creadora, as\u00ed como en su visi\u00f3n sobre el papel que la mujer ha jugado y juega en el mundo de la creaci\u00f3n literaria.<\/p>\n","protected":false},"excerpt":{"rendered":"<p>Las escritoras Mar\u00eda Teresa \u00c1lvarez y Maite Uceda\u00a0 hicieron notar su genialidad literaria en el coloquio que tuvo lugar en la Biblioteca Men\u00e9ndez Pelayo de Castropol. Durante su intervenci\u00f3n, ambas &#8230; <a title=\"Un repaso al papel de la mujer en la literatura con dos autoras de altura\" class=\"read-more\" href=\"https:\/\/www.comunicacionyescuela.es\/2026\/un-repaso-al-papel-de-la-mujer-en-la-literatura-con-dos-autoras-de-altura\/\" aria-label=\"Leer m\u00e1s sobre Un repaso al papel de la mujer en la literatura con dos autoras de altura\">Leer m\u00e1s<\/a><\/p>\n","protected":false},"author":2,"featured_media":6732,"comment_status":"closed","ping_status":"closed","sticky":false,"template":"","format":"standard","meta":{"ngg_post_thumbnail":0,"footnotes":""},"categories":[3],"tags":[],"class_list":["post-6731","post","type-post","status-publish","format-standard","has-post-thumbnail","hentry","category-actualidad-del-foro"],"_links":{"self":[{"href":"https:\/\/www.comunicacionyescuela.es\/2026\/wp-json\/wp\/v2\/posts\/6731","targetHints":{"allow":["GET"]}}],"collection":[{"href":"https:\/\/www.comunicacionyescuela.es\/2026\/wp-json\/wp\/v2\/posts"}],"about":[{"href":"https:\/\/www.comunicacionyescuela.es\/2026\/wp-json\/wp\/v2\/types\/post"}],"author":[{"embeddable":true,"href":"https:\/\/www.comunicacionyescuela.es\/2026\/wp-json\/wp\/v2\/users\/2"}],"replies":[{"embeddable":true,"href":"https:\/\/www.comunicacionyescuela.es\/2026\/wp-json\/wp\/v2\/comments?post=6731"}],"version-history":[{"count":1,"href":"https:\/\/www.comunicacionyescuela.es\/2026\/wp-json\/wp\/v2\/posts\/6731\/revisions"}],"predecessor-version":[{"id":6733,"href":"https:\/\/www.comunicacionyescuela.es\/2026\/wp-json\/wp\/v2\/posts\/6731\/revisions\/6733"}],"wp:featuredmedia":[{"embeddable":true,"href":"https:\/\/www.comunicacionyescuela.es\/2026\/wp-json\/wp\/v2\/media\/6732"}],"wp:attachment":[{"href":"https:\/\/www.comunicacionyescuela.es\/2026\/wp-json\/wp\/v2\/media?parent=6731"}],"wp:term":[{"taxonomy":"category","embeddable":true,"href":"https:\/\/www.comunicacionyescuela.es\/2026\/wp-json\/wp\/v2\/categories?post=6731"},{"taxonomy":"post_tag","embeddable":true,"href":"https:\/\/www.comunicacionyescuela.es\/2026\/wp-json\/wp\/v2\/tags?post=6731"}],"curies":[{"name":"wp","href":"https:\/\/api.w.org\/{rel}","templated":true}]}}