{"id":6728,"date":"2026-04-24T12:41:19","date_gmt":"2026-04-24T10:41:19","guid":{"rendered":"https:\/\/www.comunicacionyescuela.es\/2026\/?p=6728"},"modified":"2026-04-24T12:41:20","modified_gmt":"2026-04-24T10:41:20","slug":"la-academica-y-escritora-carme-riera-magistral-en-vegadeo","status":"publish","type":"post","link":"https:\/\/www.comunicacionyescuela.es\/2026\/la-academica-y-escritora-carme-riera-magistral-en-vegadeo\/","title":{"rendered":"La acad\u00e9mica y escritora, Carme Riera, magistral en Vegadeo"},"content":{"rendered":"\n<p>En el primer d\u00eda de la jornada \u00abMujer y literatura\u00bb, la escritora, catedr\u00e1tica y acad\u00e9mica de la RAE, Carme Riera, imparti\u00f3 una magistral conferencia al alumnado de 2\u00b0 de Bachillerato del IES Elisa y Luis Villamil. Durante su intervenci\u00f3n hizo alusi\u00f3n a la importancia de que los j\u00f3venes se eduquen rodeados de libros en un tiempo en que prima lo tecnol\u00f3gico. Adem\u00e1s insisti\u00f3\u00a0 en que la lectura es trascendental en el conocimiento de tantas y tantas realidades. En base a ello, hizo hincapi\u00e9 en la necesidad de que el profesorado sea capaz de motivar a los estudiantes en el h\u00e1bito lector. Profundiz\u00f3 en la riqueza que supone la pluralidad ling\u00fc\u00edstica y precis\u00f3 la importancia de desarrollar proyectos como este que se lleva a cabo con el Foro Comunicaci\u00f3n y Escuela.<\/p>\n","protected":false},"excerpt":{"rendered":"<p>En el primer d\u00eda de la jornada \u00abMujer y literatura\u00bb, la escritora, catedr\u00e1tica y acad\u00e9mica de la RAE, Carme Riera, imparti\u00f3 una magistral conferencia al alumnado de 2\u00b0 de Bachillerato &#8230; <a title=\"La acad\u00e9mica y escritora, Carme Riera, magistral en Vegadeo\" class=\"read-more\" href=\"https:\/\/www.comunicacionyescuela.es\/2026\/la-academica-y-escritora-carme-riera-magistral-en-vegadeo\/\" aria-label=\"Leer m\u00e1s sobre La acad\u00e9mica y escritora, Carme Riera, magistral en Vegadeo\">Leer m\u00e1s<\/a><\/p>\n","protected":false},"author":2,"featured_media":6729,"comment_status":"closed","ping_status":"closed","sticky":false,"template":"","format":"standard","meta":{"ngg_post_thumbnail":0,"footnotes":""},"categories":[3],"tags":[],"class_list":["post-6728","post","type-post","status-publish","format-standard","has-post-thumbnail","hentry","category-actualidad-del-foro"],"_links":{"self":[{"href":"https:\/\/www.comunicacionyescuela.es\/2026\/wp-json\/wp\/v2\/posts\/6728","targetHints":{"allow":["GET"]}}],"collection":[{"href":"https:\/\/www.comunicacionyescuela.es\/2026\/wp-json\/wp\/v2\/posts"}],"about":[{"href":"https:\/\/www.comunicacionyescuela.es\/2026\/wp-json\/wp\/v2\/types\/post"}],"author":[{"embeddable":true,"href":"https:\/\/www.comunicacionyescuela.es\/2026\/wp-json\/wp\/v2\/users\/2"}],"replies":[{"embeddable":true,"href":"https:\/\/www.comunicacionyescuela.es\/2026\/wp-json\/wp\/v2\/comments?post=6728"}],"version-history":[{"count":1,"href":"https:\/\/www.comunicacionyescuela.es\/2026\/wp-json\/wp\/v2\/posts\/6728\/revisions"}],"predecessor-version":[{"id":6730,"href":"https:\/\/www.comunicacionyescuela.es\/2026\/wp-json\/wp\/v2\/posts\/6728\/revisions\/6730"}],"wp:featuredmedia":[{"embeddable":true,"href":"https:\/\/www.comunicacionyescuela.es\/2026\/wp-json\/wp\/v2\/media\/6729"}],"wp:attachment":[{"href":"https:\/\/www.comunicacionyescuela.es\/2026\/wp-json\/wp\/v2\/media?parent=6728"}],"wp:term":[{"taxonomy":"category","embeddable":true,"href":"https:\/\/www.comunicacionyescuela.es\/2026\/wp-json\/wp\/v2\/categories?post=6728"},{"taxonomy":"post_tag","embeddable":true,"href":"https:\/\/www.comunicacionyescuela.es\/2026\/wp-json\/wp\/v2\/tags?post=6728"}],"curies":[{"name":"wp","href":"https:\/\/api.w.org\/{rel}","templated":true}]}}