{"id":6725,"date":"2026-04-24T12:39:07","date_gmt":"2026-04-24T10:39:07","guid":{"rendered":"https:\/\/www.comunicacionyescuela.es\/2026\/?p=6725"},"modified":"2026-04-24T12:39:08","modified_gmt":"2026-04-24T10:39:08","slug":"comienzan-las-jornadas-mujer-y-literatura","status":"publish","type":"post","link":"https:\/\/www.comunicacionyescuela.es\/2026\/comienzan-las-jornadas-mujer-y-literatura\/","title":{"rendered":"Comienzan las jornadas \u201cMujer y literatura\u201d"},"content":{"rendered":"\n<p>Comienzan dos d\u00edas de gran&nbsp; intensidad literaria con las jornadas \u00abMujer y literatura\u00bb:<\/p>\n\n\n\n<p><strong>15 de abril<u>:<\/u><\/strong> Durante ma\u00f1ana la escritora M\u00f3nica Rodr\u00edguez estar\u00e1 con los alumnos\/as del CR A Oscos y del CRA R\u00eda del Eo. La escritora y catedr\u00e1tica catalana y miembro de la Real Academia Espa\u00f1ola, Carme Riera, estar\u00e1 con los alumnos\/ as de 2\u00b0 de Bachillerato del IES Elisa y Luis Villamil<\/p>\n\n\n\n<p><strong>15 de abril a las 19 horas<\/strong> en la Biblioteca de Castropol tendremos una tertulia literaria con las grandes escritoras Mar\u00eda Teresa \u00c1lvarez, Laura Casta\u00f1\u00f3n y Mayte Uceda<strong>16 de abril<\/strong> durante toda la ma\u00f1ana tendremos actividades literarias en el Colegio La Paloma, Colegio Jovellanos e IES Elisa y Luis Villamil con las escritoras: Chiqui F\u00e1bregat, Beatriz Os\u00e9s, Sof\u00eda Rhei, Violeta Monteal y Mar\u00eda Teresa \u00c1lvarez. A las 13 horas inauguraremos la espectacular exposici\u00f3n literaria a lo largo del paseo que discurre al lado del R\u00edo Suar\u00f3n. Inundamos de literatura la comarca Oscos-Eo.<\/p>\n","protected":false},"excerpt":{"rendered":"<p>Comienzan dos d\u00edas de gran&nbsp; intensidad literaria con las jornadas \u00abMujer y literatura\u00bb: 15 de abril: Durante ma\u00f1ana la escritora M\u00f3nica Rodr\u00edguez estar\u00e1 con los alumnos\/as del CR A Oscos &#8230; <a title=\"Comienzan las jornadas \u201cMujer y literatura\u201d\" class=\"read-more\" href=\"https:\/\/www.comunicacionyescuela.es\/2026\/comienzan-las-jornadas-mujer-y-literatura\/\" aria-label=\"Leer m\u00e1s sobre Comienzan las jornadas \u201cMujer y literatura\u201d\">Leer m\u00e1s<\/a><\/p>\n","protected":false},"author":2,"featured_media":6726,"comment_status":"closed","ping_status":"closed","sticky":false,"template":"","format":"standard","meta":{"ngg_post_thumbnail":0,"footnotes":""},"categories":[3],"tags":[],"class_list":["post-6725","post","type-post","status-publish","format-standard","has-post-thumbnail","hentry","category-actualidad-del-foro"],"_links":{"self":[{"href":"https:\/\/www.comunicacionyescuela.es\/2026\/wp-json\/wp\/v2\/posts\/6725","targetHints":{"allow":["GET"]}}],"collection":[{"href":"https:\/\/www.comunicacionyescuela.es\/2026\/wp-json\/wp\/v2\/posts"}],"about":[{"href":"https:\/\/www.comunicacionyescuela.es\/2026\/wp-json\/wp\/v2\/types\/post"}],"author":[{"embeddable":true,"href":"https:\/\/www.comunicacionyescuela.es\/2026\/wp-json\/wp\/v2\/users\/2"}],"replies":[{"embeddable":true,"href":"https:\/\/www.comunicacionyescuela.es\/2026\/wp-json\/wp\/v2\/comments?post=6725"}],"version-history":[{"count":1,"href":"https:\/\/www.comunicacionyescuela.es\/2026\/wp-json\/wp\/v2\/posts\/6725\/revisions"}],"predecessor-version":[{"id":6727,"href":"https:\/\/www.comunicacionyescuela.es\/2026\/wp-json\/wp\/v2\/posts\/6725\/revisions\/6727"}],"wp:featuredmedia":[{"embeddable":true,"href":"https:\/\/www.comunicacionyescuela.es\/2026\/wp-json\/wp\/v2\/media\/6726"}],"wp:attachment":[{"href":"https:\/\/www.comunicacionyescuela.es\/2026\/wp-json\/wp\/v2\/media?parent=6725"}],"wp:term":[{"taxonomy":"category","embeddable":true,"href":"https:\/\/www.comunicacionyescuela.es\/2026\/wp-json\/wp\/v2\/categories?post=6725"},{"taxonomy":"post_tag","embeddable":true,"href":"https:\/\/www.comunicacionyescuela.es\/2026\/wp-json\/wp\/v2\/tags?post=6725"}],"curies":[{"name":"wp","href":"https:\/\/api.w.org\/{rel}","templated":true}]}}