{"id":6722,"date":"2026-04-24T12:36:44","date_gmt":"2026-04-24T10:36:44","guid":{"rendered":"https:\/\/www.comunicacionyescuela.es\/2026\/?p=6722"},"modified":"2026-04-24T12:36:45","modified_gmt":"2026-04-24T10:36:45","slug":"presentada-la-programacion-del-18-foro-comunicacion-y-escuela","status":"publish","type":"post","link":"https:\/\/www.comunicacionyescuela.es\/2026\/presentada-la-programacion-del-18-foro-comunicacion-y-escuela\/","title":{"rendered":"Presentada la programaci\u00f3n del 18 Foro Comunicaci\u00f3n y Escuela"},"content":{"rendered":"\n<p>Hemos presentado la programaci\u00f3n del 18 Foro Comunicaci\u00f3n y Escuela en un emotivo acto desarrollado en la Escuela Rural de San Juan de Moldes. Durante el acto:<\/p>\n\n\n\n<p>Se rindi\u00f3 homenaje a 23 antiguos alumnos\/as de las diferentes generaciones que estudiaron en ese centro educativo de un siglo de vida; y se resalt\u00f3 la importancia y el significado del medio rural.<\/p>\n\n\n\n<p>Se present\u00f3 el cartel de la edici\u00f3n de este a\u00f1o dise\u00f1ado por el alumno de 3\u00b0 de Educaci\u00f3n Secundaria del IES Elisa y Luis Villamil, Mario Fern\u00e1ndez Gonz\u00e1lez.<\/p>\n\n\n\n<p>Se dio a conocer la intensa e importante programaci\u00f3n que implica a alumnado de 11 centros educativos, con actividades y proyectos pioneros e innovadores, y con la colaboraci\u00f3n de importantes instituciones p\u00fablicas y entidades privadas.<\/p>\n\n\n\n<p>El acto estuvo presidido por la consejera de Cultura, Pol\u00edtica Lling\u00fc\u00edstica y Deporte del Gobierno de Asturias, Ana Vanesa Guti\u00e9rrez. Asistieron alcaldes, otras autoridades, representantes de centros educativos, representantes de las entidades y empresas patrocinadores del Foro, delegados y delegadas del alumnado del IES Elisa y Luis Villamil, entre otros invitados e invitadas.<\/p>\n","protected":false},"excerpt":{"rendered":"<p>Hemos presentado la programaci\u00f3n del 18 Foro Comunicaci\u00f3n y Escuela en un emotivo acto desarrollado en la Escuela Rural de San Juan de Moldes. Durante el acto: Se rindi\u00f3 homenaje &#8230; <a title=\"Presentada la programaci\u00f3n del 18 Foro Comunicaci\u00f3n y Escuela\" class=\"read-more\" href=\"https:\/\/www.comunicacionyescuela.es\/2026\/presentada-la-programacion-del-18-foro-comunicacion-y-escuela\/\" aria-label=\"Leer m\u00e1s sobre Presentada la programaci\u00f3n del 18 Foro Comunicaci\u00f3n y Escuela\">Leer m\u00e1s<\/a><\/p>\n","protected":false},"author":2,"featured_media":6723,"comment_status":"closed","ping_status":"closed","sticky":false,"template":"","format":"standard","meta":{"ngg_post_thumbnail":0,"footnotes":""},"categories":[3],"tags":[],"class_list":["post-6722","post","type-post","status-publish","format-standard","has-post-thumbnail","hentry","category-actualidad-del-foro"],"_links":{"self":[{"href":"https:\/\/www.comunicacionyescuela.es\/2026\/wp-json\/wp\/v2\/posts\/6722","targetHints":{"allow":["GET"]}}],"collection":[{"href":"https:\/\/www.comunicacionyescuela.es\/2026\/wp-json\/wp\/v2\/posts"}],"about":[{"href":"https:\/\/www.comunicacionyescuela.es\/2026\/wp-json\/wp\/v2\/types\/post"}],"author":[{"embeddable":true,"href":"https:\/\/www.comunicacionyescuela.es\/2026\/wp-json\/wp\/v2\/users\/2"}],"replies":[{"embeddable":true,"href":"https:\/\/www.comunicacionyescuela.es\/2026\/wp-json\/wp\/v2\/comments?post=6722"}],"version-history":[{"count":1,"href":"https:\/\/www.comunicacionyescuela.es\/2026\/wp-json\/wp\/v2\/posts\/6722\/revisions"}],"predecessor-version":[{"id":6724,"href":"https:\/\/www.comunicacionyescuela.es\/2026\/wp-json\/wp\/v2\/posts\/6722\/revisions\/6724"}],"wp:featuredmedia":[{"embeddable":true,"href":"https:\/\/www.comunicacionyescuela.es\/2026\/wp-json\/wp\/v2\/media\/6723"}],"wp:attachment":[{"href":"https:\/\/www.comunicacionyescuela.es\/2026\/wp-json\/wp\/v2\/media?parent=6722"}],"wp:term":[{"taxonomy":"category","embeddable":true,"href":"https:\/\/www.comunicacionyescuela.es\/2026\/wp-json\/wp\/v2\/categories?post=6722"},{"taxonomy":"post_tag","embeddable":true,"href":"https:\/\/www.comunicacionyescuela.es\/2026\/wp-json\/wp\/v2\/tags?post=6722"}],"curies":[{"name":"wp","href":"https:\/\/api.w.org\/{rel}","templated":true}]}}