{"id":6716,"date":"2026-04-24T12:31:31","date_gmt":"2026-04-24T10:31:31","guid":{"rendered":"https:\/\/www.comunicacionyescuela.es\/2026\/?p=6716"},"modified":"2026-04-24T12:34:28","modified_gmt":"2026-04-24T10:34:28","slug":"el-alumno-mario-fernandez-gonzalez-disena-el-cartel-del-18-foro","status":"publish","type":"post","link":"https:\/\/www.comunicacionyescuela.es\/2026\/el-alumno-mario-fernandez-gonzalez-disena-el-cartel-del-18-foro\/","title":{"rendered":"El alumno Mario Fern\u00e1ndez Gonz\u00e1lez dise\u00f1a el cartel del 18 Foro"},"content":{"rendered":"\n<p>El alumno de 3\u00ba de Educaci\u00f3n Secundaria del IES Elisa y Luis Villamil es el autor del dise\u00f1o del cartel oficial de esta edici\u00f3n del Foro. Mario Fern\u00e1ndez practica la pintura desde ni\u00f1o y este verano expuso algunas de sus obras en la Biblioteca Men\u00e9ndez Pelayo de Castropol. Es la primera vez que un alumno del Instituto dise\u00f1a lo que ser\u00e1 la cara visible de toda la edici\u00f3n de este a\u00f1o 2026. Nuestra gratitud y enhorabuena.<\/p>\n","protected":false},"excerpt":{"rendered":"<p>El alumno de 3\u00ba de Educaci\u00f3n Secundaria del IES Elisa y Luis Villamil es el autor del dise\u00f1o del cartel oficial de esta edici\u00f3n del Foro. Mario Fern\u00e1ndez practica la &#8230; <a title=\"El alumno Mario Fern\u00e1ndez Gonz\u00e1lez dise\u00f1a el cartel del 18 Foro\" class=\"read-more\" href=\"https:\/\/www.comunicacionyescuela.es\/2026\/el-alumno-mario-fernandez-gonzalez-disena-el-cartel-del-18-foro\/\" aria-label=\"Leer m\u00e1s sobre El alumno Mario Fern\u00e1ndez Gonz\u00e1lez dise\u00f1a el cartel del 18 Foro\">Leer m\u00e1s<\/a><\/p>\n","protected":false},"author":2,"featured_media":6719,"comment_status":"closed","ping_status":"closed","sticky":false,"template":"","format":"standard","meta":{"ngg_post_thumbnail":0,"footnotes":""},"categories":[3],"tags":[],"class_list":["post-6716","post","type-post","status-publish","format-standard","has-post-thumbnail","hentry","category-actualidad-del-foro"],"_links":{"self":[{"href":"https:\/\/www.comunicacionyescuela.es\/2026\/wp-json\/wp\/v2\/posts\/6716","targetHints":{"allow":["GET"]}}],"collection":[{"href":"https:\/\/www.comunicacionyescuela.es\/2026\/wp-json\/wp\/v2\/posts"}],"about":[{"href":"https:\/\/www.comunicacionyescuela.es\/2026\/wp-json\/wp\/v2\/types\/post"}],"author":[{"embeddable":true,"href":"https:\/\/www.comunicacionyescuela.es\/2026\/wp-json\/wp\/v2\/users\/2"}],"replies":[{"embeddable":true,"href":"https:\/\/www.comunicacionyescuela.es\/2026\/wp-json\/wp\/v2\/comments?post=6716"}],"version-history":[{"count":1,"href":"https:\/\/www.comunicacionyescuela.es\/2026\/wp-json\/wp\/v2\/posts\/6716\/revisions"}],"predecessor-version":[{"id":6718,"href":"https:\/\/www.comunicacionyescuela.es\/2026\/wp-json\/wp\/v2\/posts\/6716\/revisions\/6718"}],"wp:featuredmedia":[{"embeddable":true,"href":"https:\/\/www.comunicacionyescuela.es\/2026\/wp-json\/wp\/v2\/media\/6719"}],"wp:attachment":[{"href":"https:\/\/www.comunicacionyescuela.es\/2026\/wp-json\/wp\/v2\/media?parent=6716"}],"wp:term":[{"taxonomy":"category","embeddable":true,"href":"https:\/\/www.comunicacionyescuela.es\/2026\/wp-json\/wp\/v2\/categories?post=6716"},{"taxonomy":"post_tag","embeddable":true,"href":"https:\/\/www.comunicacionyescuela.es\/2026\/wp-json\/wp\/v2\/tags?post=6716"}],"curies":[{"name":"wp","href":"https:\/\/api.w.org\/{rel}","templated":true}]}}