{"id":6712,"date":"2026-04-24T12:20:52","date_gmt":"2026-04-24T10:20:52","guid":{"rendered":"https:\/\/www.comunicacionyescuela.es\/2026\/?p=6712"},"modified":"2026-04-24T12:28:34","modified_gmt":"2026-04-24T10:28:34","slug":"presentacion-del-18-foro-comunicacion-y-escuela","status":"publish","type":"post","link":"https:\/\/www.comunicacionyescuela.es\/2026\/presentacion-del-18-foro-comunicacion-y-escuela\/","title":{"rendered":"Presentaci\u00f3n del 18 Foro Comunicaci\u00f3n y Escuela"},"content":{"rendered":"\n<p>Comenzamos el 18 Foro Comunicaci\u00f3n y Escuela, una edici\u00f3n con la que alcanzamos la mayor\u00eda de edad. Y, precisamente por ello, queremos significar el aut\u00e9ntico valor del medio rural eligiendo como lema: \u00abLos valores del medio rural: los valores de Asturias\u00bb.<\/p>\n\n\n\n<p>Haremos la presentaci\u00f3n en un lugar emblem\u00e1tico como es una escuela rural, la Escuela Rural de San Juan de Moldes, en la que se formaron generaciones y generaciones de personas; al igual que sucedi\u00f3 en tantos pueblos de nuestra querida Asturias. Nuestro objetivo es ensalzar a todos los hombres y mujeres que a lo largo del tiempo han dado vida a los peque\u00f1os pueblos del occidente de Asturias<\/p>\n\n\n\n<p>En elacto de presentaci\u00f3n haremos un sentido homenaje a una representaci\u00f3n de alumnado y profesorado que se form\u00f3 en imparti\u00f3 clase en esa Escuela.<\/p>\n\n\n\n<p>Presidir\u00e1 el acto la consejera de Cultura, Pol\u00edtica Ling\u00fc\u00edstica y Turismo del Gobierno de Asturias, Vanesa Gonz\u00e1lez.<\/p>\n\n\n\n<p>Daremos a conocer el contenido de la programaci\u00f3n de este 18 Foro. Una programaci\u00f3n con importantes e innovadoras actividades dirigidas tanto al alumnado como a toda la comunidad.<\/p>\n","protected":false},"excerpt":{"rendered":"<p>Comenzamos el 18 Foro Comunicaci\u00f3n y Escuela, una edici\u00f3n con la que alcanzamos la mayor\u00eda de edad. Y, precisamente por ello, queremos significar el aut\u00e9ntico valor del medio rural eligiendo &#8230; <a title=\"Presentaci\u00f3n del 18 Foro Comunicaci\u00f3n y Escuela\" class=\"read-more\" href=\"https:\/\/www.comunicacionyescuela.es\/2026\/presentacion-del-18-foro-comunicacion-y-escuela\/\" aria-label=\"Leer m\u00e1s sobre Presentaci\u00f3n del 18 Foro Comunicaci\u00f3n y Escuela\">Leer m\u00e1s<\/a><\/p>\n","protected":false},"author":2,"featured_media":6715,"comment_status":"closed","ping_status":"closed","sticky":false,"template":"","format":"standard","meta":{"ngg_post_thumbnail":0,"footnotes":""},"categories":[3],"tags":[],"class_list":["post-6712","post","type-post","status-publish","format-standard","has-post-thumbnail","hentry","category-actualidad-del-foro"],"_links":{"self":[{"href":"https:\/\/www.comunicacionyescuela.es\/2026\/wp-json\/wp\/v2\/posts\/6712","targetHints":{"allow":["GET"]}}],"collection":[{"href":"https:\/\/www.comunicacionyescuela.es\/2026\/wp-json\/wp\/v2\/posts"}],"about":[{"href":"https:\/\/www.comunicacionyescuela.es\/2026\/wp-json\/wp\/v2\/types\/post"}],"author":[{"embeddable":true,"href":"https:\/\/www.comunicacionyescuela.es\/2026\/wp-json\/wp\/v2\/users\/2"}],"replies":[{"embeddable":true,"href":"https:\/\/www.comunicacionyescuela.es\/2026\/wp-json\/wp\/v2\/comments?post=6712"}],"version-history":[{"count":1,"href":"https:\/\/www.comunicacionyescuela.es\/2026\/wp-json\/wp\/v2\/posts\/6712\/revisions"}],"predecessor-version":[{"id":6714,"href":"https:\/\/www.comunicacionyescuela.es\/2026\/wp-json\/wp\/v2\/posts\/6712\/revisions\/6714"}],"wp:featuredmedia":[{"embeddable":true,"href":"https:\/\/www.comunicacionyescuela.es\/2026\/wp-json\/wp\/v2\/media\/6715"}],"wp:attachment":[{"href":"https:\/\/www.comunicacionyescuela.es\/2026\/wp-json\/wp\/v2\/media?parent=6712"}],"wp:term":[{"taxonomy":"category","embeddable":true,"href":"https:\/\/www.comunicacionyescuela.es\/2026\/wp-json\/wp\/v2\/categories?post=6712"},{"taxonomy":"post_tag","embeddable":true,"href":"https:\/\/www.comunicacionyescuela.es\/2026\/wp-json\/wp\/v2\/tags?post=6712"}],"curies":[{"name":"wp","href":"https:\/\/api.w.org\/{rel}","templated":true}]}}