{"id":6578,"global_id":"www.comunicacionyescuela.es\/2026?id=6578","global_id_lineage":["www.comunicacionyescuela.es\/2026?id=6578"],"author":"2","status":"publish","date":"2026-04-23 10:06:30","date_utc":"2026-04-23 08:06:30","modified":"2026-04-23 10:06:30","modified_utc":"2026-04-23 08:06:30","url":"https:\/\/www.comunicacionyescuela.es\/2026\/evento\/conferencia-tecnologia-al-servicio-de-la-humanidad\/","rest_url":"https:\/\/www.comunicacionyescuela.es\/2026\/wp-json\/tribe\/events\/v1\/events\/6578","title":"Conferencia: \u201cTecnolog\u00eda al servicio de la humanidad\u201d","description":"<p>INTERVIENE:<br \/>\n<strong>D. Amador Men\u00e9ndez Vel\u00e1zquez<\/strong>. Cient\u00edfico e investigador<br \/>\nPRESENTA:<br \/>\n<strong>Departamento F\u00edsica y Qu\u00edmica del IES Elisa y Luis Villamil<\/strong><br \/>\nSal\u00f3n de Actos del IES Elisa y Luis Villamil<br \/>\nDirigido al alumnado de 2\u00ba de Educaci\u00f3n Secundaria<\/p>","excerpt":"","slug":"conferencia-tecnologia-al-servicio-de-la-humanidad","image":false,"all_day":false,"start_date":"2026-10-01 10:00:00","start_date_details":{"year":"2026","month":"10","day":"01","hour":"10","minutes":"00","seconds":"00"},"end_date":"2026-10-01 11:15:00","end_date_details":{"year":"2026","month":"10","day":"01","hour":"11","minutes":"15","seconds":"00"},"utc_start_date":"2026-10-01 08:00:00","utc_start_date_details":{"year":"2026","month":"10","day":"01","hour":"08","minutes":"00","seconds":"00"},"utc_end_date":"2026-10-01 09:15:00","utc_end_date_details":{"year":"2026","month":"10","day":"01","hour":"09","minutes":"15","seconds":"00"},"timezone":"Europe\/Madrid","timezone_abbr":"CEST","cost":"","cost_details":{"currency_symbol":"$","currency_code":"USD","currency_position":"prefix","values":[]},"website":"","show_map":true,"show_map_link":true,"hide_from_listings":false,"sticky":false,"featured":false,"categories":[{"name":"Jornada para promover las vocaciones cient\u00edficas en estudiantes del medio rural","slug":"jornada-para-promover-las-vocaciones-cientificas-en-estudiantes-del-medio-rural","term_group":0,"term_taxonomy_id":65,"taxonomy":"tribe_events_cat","description":"","parent":0,"count":12,"filter":"raw","id":65,"urls":{"self":"https:\/\/www.comunicacionyescuela.es\/2026\/wp-json\/tribe\/events\/v1\/categories\/65","collection":"https:\/\/www.comunicacionyescuela.es\/2026\/wp-json\/tribe\/events\/v1\/categories"}}],"tags":[],"venue":{"id":143,"author":"2","status":"publish","date":"2024-03-25 16:42:48","date_utc":"2024-03-25 15:42:48","modified":"2024-03-25 16:42:48","modified_utc":"2024-03-25 15:42:48","url":"https:\/\/www.comunicacionyescuela.es\/2026\/recinto\/ies-elisa-y-luis-villamil\/","venue":"IES Elisa y Luis Villamil","slug":"ies-elisa-y-luis-villamil","address":"Noveledo, s\/n","city":"Vegadeo","country":"Espa\u00f1a","province":"Asturias","zip":"33770","stateprovince":"Asturias","json_ld":{"@type":"Place","name":"IES Elisa y Luis Villamil","description":"","url":"","address":{"@type":"PostalAddress","streetAddress":"Noveledo, s\/n","addressLocality":"Vegadeo","addressRegion":"Asturias","postalCode":"33770","addressCountry":"Espa\u00f1a"},"telephone":"","sameAs":""},"show_map":true,"show_map_link":true,"global_id":"www.comunicacionyescuela.es\/2026?id=143","global_id_lineage":["www.comunicacionyescuela.es\/2026?id=143"]},"organizer":[],"custom_fields":[],"json_ld":{"@context":"http:\/\/schema.org","@type":"Event","name":"Conferencia: \u201cTecnolog\u00eda al servicio de la humanidad\u201d","description":"&lt;p&gt;INTERVIENE: D. Amador Men\u00e9ndez Vel\u00e1zquez. Cient\u00edfico e investigador PRESENTA: Departamento F\u00edsica y Qu\u00edmica del IES Elisa y Luis Villamil Sal\u00f3n de Actos del IES Elisa y Luis Villamil Dirigido al ... &lt;a title=&quot;Conferencia: \u201cTecnolog\u00eda al servicio de la humanidad\u201d&quot; class=&quot;read-more&quot; href=&quot;https:\/\/www.comunicacionyescuela.es\/2026\/evento\/conferencia-tecnologia-al-servicio-de-la-humanidad\/&quot; aria-label=&quot;Leer m\u00e1s sobre Conferencia: \u201cTecnolog\u00eda al servicio de la humanidad\u201d&quot;&gt;Leer m\u00e1s&lt;\/a&gt;&lt;\/p&gt;\\n","url":"https:\/\/www.comunicacionyescuela.es\/2026\/evento\/conferencia-tecnologia-al-servicio-de-la-humanidad\/","eventAttendanceMode":"https:\/\/schema.org\/OfflineEventAttendanceMode","eventStatus":"https:\/\/schema.org\/EventScheduled","startDate":"2026-10-01T10:00:00+02:00","endDate":"2026-10-01T11:15:00+02:00","location":{"@type":"Place","name":"IES Elisa y Luis Villamil","description":"","url":"","address":{"@type":"PostalAddress","streetAddress":"Noveledo, s\/n","addressLocality":"Vegadeo","addressRegion":"Asturias","postalCode":"33770","addressCountry":"Espa\u00f1a"},"telephone":"","sameAs":""},"performer":"Organization"}}