{"id":6549,"global_id":"www.comunicacionyescuela.es\/2026?id=6549","global_id_lineage":["www.comunicacionyescuela.es\/2026?id=6549"],"author":"2","status":"publish","date":"2026-04-22 19:20:54","date_utc":"2026-04-22 17:20:54","modified":"2026-04-22 19:20:54","modified_utc":"2026-04-22 17:20:54","url":"https:\/\/www.comunicacionyescuela.es\/2026\/evento\/musica-sin-fronteras-instrumentos-del-mundo\/","rest_url":"https:\/\/www.comunicacionyescuela.es\/2026\/wp-json\/tribe\/events\/v1\/events\/6549","title":"M\u00fasica sin fronteras: instrumentos del mundo","description":"<p>INTERVIENE:<br \/>\n<strong>D. Pablo Canal\u00eds<\/strong>. Instrumentista musical<br \/>\nPRESENTA:<br \/>\n<strong>D\u00f1a. Aurora Rena Monteser\u00edn<\/strong>. Jefa del Departamento de M\u00fasica del IES Elisa y Luis Villamil<br \/>\nSal\u00f3n de Actos<br \/>\nDirigido al alumnado de 1\u00ba de Educaci\u00f3n Secundaria<\/p>","excerpt":"","slug":"musica-sin-fronteras-instrumentos-del-mundo","image":false,"all_day":false,"start_date":"2026-05-19 09:25:00","start_date_details":{"year":"2026","month":"05","day":"19","hour":"09","minutes":"25","seconds":"00"},"end_date":"2026-05-19 11:00:00","end_date_details":{"year":"2026","month":"05","day":"19","hour":"11","minutes":"00","seconds":"00"},"utc_start_date":"2026-05-19 07:25:00","utc_start_date_details":{"year":"2026","month":"05","day":"19","hour":"07","minutes":"25","seconds":"00"},"utc_end_date":"2026-05-19 09:00:00","utc_end_date_details":{"year":"2026","month":"05","day":"19","hour":"09","minutes":"00","seconds":"00"},"timezone":"Europe\/Madrid","timezone_abbr":"CEST","cost":"","cost_details":{"currency_symbol":"$","currency_code":"USD","currency_position":"prefix","values":[]},"website":"","show_map":true,"show_map_link":true,"hide_from_listings":false,"sticky":false,"featured":false,"categories":[{"name":"Jornada dedicada a las artes","slug":"jornada-dedicada-a-las-artes","term_group":0,"term_taxonomy_id":62,"taxonomy":"tribe_events_cat","description":"","parent":0,"count":5,"filter":"raw","id":62,"urls":{"self":"https:\/\/www.comunicacionyescuela.es\/2026\/wp-json\/tribe\/events\/v1\/categories\/62","collection":"https:\/\/www.comunicacionyescuela.es\/2026\/wp-json\/tribe\/events\/v1\/categories"}}],"tags":[],"venue":{"id":143,"author":"2","status":"publish","date":"2024-03-25 16:42:48","date_utc":"2024-03-25 15:42:48","modified":"2024-03-25 16:42:48","modified_utc":"2024-03-25 15:42:48","url":"https:\/\/www.comunicacionyescuela.es\/2026\/recinto\/ies-elisa-y-luis-villamil\/","venue":"IES Elisa y Luis Villamil","slug":"ies-elisa-y-luis-villamil","address":"Noveledo, s\/n","city":"Vegadeo","country":"Espa\u00f1a","province":"Asturias","zip":"33770","stateprovince":"Asturias","json_ld":{"@type":"Place","name":"IES Elisa y Luis Villamil","description":"","url":"","address":{"@type":"PostalAddress","streetAddress":"Noveledo, s\/n","addressLocality":"Vegadeo","addressRegion":"Asturias","postalCode":"33770","addressCountry":"Espa\u00f1a"},"telephone":"","sameAs":""},"show_map":true,"show_map_link":true,"global_id":"www.comunicacionyescuela.es\/2026?id=143","global_id_lineage":["www.comunicacionyescuela.es\/2026?id=143"]},"organizer":[],"custom_fields":[],"json_ld":{"@context":"http:\/\/schema.org","@type":"Event","name":"M\u00fasica sin fronteras: instrumentos del mundo","description":"&lt;p&gt;INTERVIENE: D. Pablo Canal\u00eds. Instrumentista musical PRESENTA: D\u00f1a. Aurora Rena Monteser\u00edn. Jefa del Departamento de M\u00fasica del IES Elisa y Luis Villamil Sal\u00f3n de Actos Dirigido al alumnado de 1\u00ba ... &lt;a title=&quot;M\u00fasica sin fronteras: instrumentos del mundo&quot; class=&quot;read-more&quot; href=&quot;https:\/\/www.comunicacionyescuela.es\/2026\/evento\/musica-sin-fronteras-instrumentos-del-mundo\/&quot; aria-label=&quot;Leer m\u00e1s sobre M\u00fasica sin fronteras: instrumentos del mundo&quot;&gt;Leer m\u00e1s&lt;\/a&gt;&lt;\/p&gt;\\n","url":"https:\/\/www.comunicacionyescuela.es\/2026\/evento\/musica-sin-fronteras-instrumentos-del-mundo\/","eventAttendanceMode":"https:\/\/schema.org\/OfflineEventAttendanceMode","eventStatus":"https:\/\/schema.org\/EventScheduled","startDate":"2026-05-19T09:25:00+02:00","endDate":"2026-05-19T11:00:00+02:00","location":{"@type":"Place","name":"IES Elisa y Luis Villamil","description":"","url":"","address":{"@type":"PostalAddress","streetAddress":"Noveledo, s\/n","addressLocality":"Vegadeo","addressRegion":"Asturias","postalCode":"33770","addressCountry":"Espa\u00f1a"},"telephone":"","sameAs":""},"performer":"Organization"}}