{"id":6525,"global_id":"www.comunicacionyescuela.es\/2026?id=6525","global_id_lineage":["www.comunicacionyescuela.es\/2026?id=6525"],"author":"2","status":"publish","date":"2026-04-22 18:49:11","date_utc":"2026-04-22 16:49:11","modified":"2026-04-22 18:58:54","modified_utc":"2026-04-22 16:58:54","url":"https:\/\/www.comunicacionyescuela.es\/2026\/evento\/conferencia-como-funciona-el-aeropuerto-de-asturias\/","rest_url":"https:\/\/www.comunicacionyescuela.es\/2026\/wp-json\/tribe\/events\/v1\/events\/6525","title":"Conferencia: \u201cC\u00f3mo funciona el Aeropuerto de Asturias\u201d","description":"<p>INTERVIENEN:<br \/>\n<strong>D. Pedro Cotilla Ruiz<\/strong>. Director del Aeropuerto de Asturias (Aena SME, S.A)<br \/>\nPRESENTA:<br \/>\n<strong>D\u00f1a. Mar\u00eda Fern\u00e1ndez Fern\u00e1ndez<\/strong>. Jefa del Departamento de Tecnolog\u00eda del Elisa y Luis Villamil<\/p>","excerpt":"","slug":"conferencia-como-funciona-el-aeropuerto-de-asturias","image":false,"all_day":false,"start_date":"2026-04-14 12:45:00","start_date_details":{"year":"2026","month":"04","day":"14","hour":"12","minutes":"45","seconds":"00"},"end_date":"2026-04-14 12:45:00","end_date_details":{"year":"2026","month":"04","day":"14","hour":"12","minutes":"45","seconds":"00"},"utc_start_date":"2026-04-14 10:45:00","utc_start_date_details":{"year":"2026","month":"04","day":"14","hour":"10","minutes":"45","seconds":"00"},"utc_end_date":"2026-04-14 10:45:00","utc_end_date_details":{"year":"2026","month":"04","day":"14","hour":"10","minutes":"45","seconds":"00"},"timezone":"Europe\/Madrid","timezone_abbr":"CEST","cost":"","cost_details":{"currency_symbol":"$","currency_code":"USD","currency_position":"prefix","values":[]},"website":"","show_map":true,"show_map_link":true,"hide_from_listings":false,"sticky":false,"featured":false,"categories":[{"name":"Jornadas dedicadas al transporte y navegaci\u00f3n a\u00e9rea dirigidas a estudiantes del medio rural","slug":"jornadas-dedicadas-al-transporte-y-navegacion-aerea-dirigidas-a-estudiantes-del-medio-rural","term_group":0,"term_taxonomy_id":59,"taxonomy":"tribe_events_cat","description":"","parent":58,"count":3,"filter":"raw","id":59,"urls":{"self":"https:\/\/www.comunicacionyescuela.es\/2026\/wp-json\/tribe\/events\/v1\/categories\/59","collection":"https:\/\/www.comunicacionyescuela.es\/2026\/wp-json\/tribe\/events\/v1\/categories","up":"https:\/\/www.comunicacionyescuela.es\/2026\/wp-json\/tribe\/events\/v1\/categories\/58"}}],"tags":[],"venue":{"id":143,"author":"2","status":"publish","date":"2024-03-25 16:42:48","date_utc":"2024-03-25 15:42:48","modified":"2024-03-25 16:42:48","modified_utc":"2024-03-25 15:42:48","url":"https:\/\/www.comunicacionyescuela.es\/2026\/recinto\/ies-elisa-y-luis-villamil\/","venue":"IES Elisa y Luis Villamil","slug":"ies-elisa-y-luis-villamil","address":"Noveledo, s\/n","city":"Vegadeo","country":"Espa\u00f1a","province":"Asturias","zip":"33770","stateprovince":"Asturias","json_ld":{"@type":"Place","name":"IES Elisa y Luis Villamil","description":"","url":"","address":{"@type":"PostalAddress","streetAddress":"Noveledo, s\/n","addressLocality":"Vegadeo","addressRegion":"Asturias","postalCode":"33770","addressCountry":"Espa\u00f1a"},"telephone":"","sameAs":""},"show_map":true,"show_map_link":true,"global_id":"www.comunicacionyescuela.es\/2026?id=143","global_id_lineage":["www.comunicacionyescuela.es\/2026?id=143"]},"organizer":[],"custom_fields":[],"json_ld":{"@context":"http:\/\/schema.org","@type":"Event","name":"Conferencia: \u201cC\u00f3mo funciona el Aeropuerto de Asturias\u201d","description":"&lt;p&gt;INTERVIENEN: D. Pedro Cotilla Ruiz. Director del Aeropuerto de Asturias (Aena SME, S.A) PRESENTA: D\u00f1a. Mar\u00eda Fern\u00e1ndez Fern\u00e1ndez. Jefa del Departamento de Tecnolog\u00eda del Elisa y Luis Villamil&lt;\/p&gt;\\n","url":"https:\/\/www.comunicacionyescuela.es\/2026\/evento\/conferencia-como-funciona-el-aeropuerto-de-asturias\/","eventAttendanceMode":"https:\/\/schema.org\/OfflineEventAttendanceMode","eventStatus":"https:\/\/schema.org\/EventScheduled","startDate":"2026-04-14T12:45:00+02:00","endDate":"2026-04-14T12:45:00+02:00","location":{"@type":"Place","name":"IES Elisa y Luis Villamil","description":"","url":"","address":{"@type":"PostalAddress","streetAddress":"Noveledo, s\/n","addressLocality":"Vegadeo","addressRegion":"Asturias","postalCode":"33770","addressCountry":"Espa\u00f1a"},"telephone":"","sameAs":""},"performer":"Organization"}}