{"id":699,"date":"2024-09-11T19:22:49","date_gmt":"2024-09-11T17:22:49","guid":{"rendered":"https:\/\/www.comunicacionyescuela.es\/2024\/?p=699"},"modified":"2024-09-19T19:26:40","modified_gmt":"2024-09-19T17:26:40","slug":"el-fututo-del-medio-rural-pasa-por-garantizar-su-rentabilidad-economica","status":"publish","type":"post","link":"https:\/\/www.comunicacionyescuela.es\/2024\/el-fututo-del-medio-rural-pasa-por-garantizar-su-rentabilidad-economica\/","title":{"rendered":"El futuro del medio rural pasa por garantizar su rentabilidad econ\u00f3mica"},"content":{"rendered":"\n<p>El coloquio desarrollado en Vegadeo en el marco de la Feria ECO21 sobre el \u201cPresente y futuro del medio rural en Asturias\u201d puso de manifiesto, de acuerdo con las diversas intervenciones de los ponentes, que solo si se confiere rentabilidad econ\u00f3mica y social al medio rural se podr\u00e1 garantizar su supervivencia, al menos con ciertas garant\u00edas. Por otro lado, algunas intervenciones dejaron patente que el campo, a pesar de ser un sector estrat\u00e9gico en Asturias y de vital importancia, no goz\u00f3 de las mismas ayudas y apoyos que otros \u00e1mbitos productivos como la miner\u00eda o la siderurgia.<br>Igualmente, los representantes del sector presentes en este debate pusieron de relieve la necesidad de dotar al medio rural de servicios acordes al siglo XXI, que permitan a los ciudadanos quedarse e iniciar proyectos de vida.<br>Otros aspectos que se abordaron fueron la necesidad de restringir la burocracia y de adecuar la legislaci\u00f3n medioambiental para facilitar la actividad econ\u00f3mica y la consiguiente fijaci\u00f3n de poblaci\u00f3n.<br>El coloquio estuvo moderado por el redactor jefe de La Nueva Espa\u00f1a, Eduardo Lagar, y cont\u00f3 con la participaci\u00f3n de Marcelino Marcos, consejero de Medio Rural y Pol\u00edtica Agraria del Principado de Asturias; Luis Venta, portavoz de Medio Rural del Partido Popular en la Junta General del Principado; Alberto \u00c1lvarez, presidente de Central Lechera Asturiana; Francisco Rodr\u00edguez, presidente de Reny Picot; Ram\u00f3n Artime, presidente de ASAJa y Mercedes Cruzado, secretaria general de COAG.<\/p>\n","protected":false},"excerpt":{"rendered":"<p>El coloquio desarrollado en Vegadeo en el marco de la Feria ECO21 sobre el \u201cPresente y futuro del medio rural en Asturias\u201d puso de manifiesto, de acuerdo con las diversas &#8230; <a title=\"El futuro del medio rural pasa por garantizar su rentabilidad econ\u00f3mica\" class=\"read-more\" href=\"https:\/\/www.comunicacionyescuela.es\/2024\/el-fututo-del-medio-rural-pasa-por-garantizar-su-rentabilidad-economica\/\" aria-label=\"Leer m\u00e1s sobre El futuro del medio rural pasa por garantizar su rentabilidad econ\u00f3mica\">Leer m\u00e1s<\/a><\/p>\n","protected":false},"author":2,"featured_media":700,"comment_status":"open","ping_status":"closed","sticky":false,"template":"","format":"standard","meta":{"ngg_post_thumbnail":0,"footnotes":""},"categories":[3],"tags":[],"class_list":["post-699","post","type-post","status-publish","format-standard","has-post-thumbnail","hentry","category-actualidad-del-foro"],"_links":{"self":[{"href":"https:\/\/www.comunicacionyescuela.es\/2024\/wp-json\/wp\/v2\/posts\/699","targetHints":{"allow":["GET"]}}],"collection":[{"href":"https:\/\/www.comunicacionyescuela.es\/2024\/wp-json\/wp\/v2\/posts"}],"about":[{"href":"https:\/\/www.comunicacionyescuela.es\/2024\/wp-json\/wp\/v2\/types\/post"}],"author":[{"embeddable":true,"href":"https:\/\/www.comunicacionyescuela.es\/2024\/wp-json\/wp\/v2\/users\/2"}],"replies":[{"embeddable":true,"href":"https:\/\/www.comunicacionyescuela.es\/2024\/wp-json\/wp\/v2\/comments?post=699"}],"version-history":[{"count":2,"href":"https:\/\/www.comunicacionyescuela.es\/2024\/wp-json\/wp\/v2\/posts\/699\/revisions"}],"predecessor-version":[{"id":3158,"href":"https:\/\/www.comunicacionyescuela.es\/2024\/wp-json\/wp\/v2\/posts\/699\/revisions\/3158"}],"wp:featuredmedia":[{"embeddable":true,"href":"https:\/\/www.comunicacionyescuela.es\/2024\/wp-json\/wp\/v2\/media\/700"}],"wp:attachment":[{"href":"https:\/\/www.comunicacionyescuela.es\/2024\/wp-json\/wp\/v2\/media?parent=699"}],"wp:term":[{"taxonomy":"category","embeddable":true,"href":"https:\/\/www.comunicacionyescuela.es\/2024\/wp-json\/wp\/v2\/categories?post=699"},{"taxonomy":"post_tag","embeddable":true,"href":"https:\/\/www.comunicacionyescuela.es\/2024\/wp-json\/wp\/v2\/tags?post=699"}],"curies":[{"name":"wp","href":"https:\/\/api.w.org\/{rel}","templated":true}]}}