{"id":656,"date":"2024-09-10T20:37:42","date_gmt":"2024-09-10T18:37:42","guid":{"rendered":"https:\/\/www.comunicacionyescuela.es\/2024\/?p=656"},"modified":"2024-09-10T20:37:43","modified_gmt":"2024-09-10T18:37:43","slug":"los-estudiantes-de-castropol-y-oscos-satisfechos-de-la-visita-al-aeropuerto-de-asturias","status":"publish","type":"post","link":"https:\/\/www.comunicacionyescuela.es\/2024\/los-estudiantes-de-castropol-y-oscos-satisfechos-de-la-visita-al-aeropuerto-de-asturias\/","title":{"rendered":"Los estudiantes de Castropol y Oscos satisfechos de la visita al Aeropuerto de Asturias"},"content":{"rendered":"\n<p>M\u00e1s de 30 estudiantes de 6\u00ba de Educaci\u00f3n Primaria del Colegio La Paloma y del Colegio Rural Agrupado Oscos tuvieron la oportunidad de conocer de primera mano las instalaciones del Aeropuerto de Asturias, todo el proceso que ha de seguir en una instalaci\u00f3n de este tipo el viajero para embarcar en un avi\u00f3n, adem\u00e1s de algunas de las medidas de seguridad de que dispone el aeropuerto en caso de que se produzca un accidente, y m\u00e1s concretamente el parque de bomberos que contiene en el propio recinto aeroportuario.<br>Los escolares fueron recibidos por los responsables del Aeropuerto de Asturias y tras la visita se mostraron muy satisfechos por la oportunidad de conocerlo.<\/p>\n","protected":false},"excerpt":{"rendered":"<p>M\u00e1s de 30 estudiantes de 6\u00ba de Educaci\u00f3n Primaria del Colegio La Paloma y del Colegio Rural Agrupado Oscos tuvieron la oportunidad de conocer de primera mano las instalaciones del &#8230; <a title=\"Los estudiantes de Castropol y Oscos satisfechos de la visita al Aeropuerto de Asturias\" class=\"read-more\" href=\"https:\/\/www.comunicacionyescuela.es\/2024\/los-estudiantes-de-castropol-y-oscos-satisfechos-de-la-visita-al-aeropuerto-de-asturias\/\" aria-label=\"Leer m\u00e1s sobre Los estudiantes de Castropol y Oscos satisfechos de la visita al Aeropuerto de Asturias\">Leer m\u00e1s<\/a><\/p>\n","protected":false},"author":2,"featured_media":657,"comment_status":"open","ping_status":"closed","sticky":false,"template":"","format":"standard","meta":{"ngg_post_thumbnail":0,"footnotes":""},"categories":[3],"tags":[],"class_list":["post-656","post","type-post","status-publish","format-standard","has-post-thumbnail","hentry","category-actualidad-del-foro"],"_links":{"self":[{"href":"https:\/\/www.comunicacionyescuela.es\/2024\/wp-json\/wp\/v2\/posts\/656","targetHints":{"allow":["GET"]}}],"collection":[{"href":"https:\/\/www.comunicacionyescuela.es\/2024\/wp-json\/wp\/v2\/posts"}],"about":[{"href":"https:\/\/www.comunicacionyescuela.es\/2024\/wp-json\/wp\/v2\/types\/post"}],"author":[{"embeddable":true,"href":"https:\/\/www.comunicacionyescuela.es\/2024\/wp-json\/wp\/v2\/users\/2"}],"replies":[{"embeddable":true,"href":"https:\/\/www.comunicacionyescuela.es\/2024\/wp-json\/wp\/v2\/comments?post=656"}],"version-history":[{"count":1,"href":"https:\/\/www.comunicacionyescuela.es\/2024\/wp-json\/wp\/v2\/posts\/656\/revisions"}],"predecessor-version":[{"id":658,"href":"https:\/\/www.comunicacionyescuela.es\/2024\/wp-json\/wp\/v2\/posts\/656\/revisions\/658"}],"wp:featuredmedia":[{"embeddable":true,"href":"https:\/\/www.comunicacionyescuela.es\/2024\/wp-json\/wp\/v2\/media\/657"}],"wp:attachment":[{"href":"https:\/\/www.comunicacionyescuela.es\/2024\/wp-json\/wp\/v2\/media?parent=656"}],"wp:term":[{"taxonomy":"category","embeddable":true,"href":"https:\/\/www.comunicacionyescuela.es\/2024\/wp-json\/wp\/v2\/categories?post=656"},{"taxonomy":"post_tag","embeddable":true,"href":"https:\/\/www.comunicacionyescuela.es\/2024\/wp-json\/wp\/v2\/tags?post=656"}],"curies":[{"name":"wp","href":"https:\/\/api.w.org\/{rel}","templated":true}]}}