{"id":624,"date":"2024-09-03T19:58:08","date_gmt":"2024-09-03T17:58:08","guid":{"rendered":"https:\/\/www.comunicacionyescuela.es\/2024\/?p=624"},"modified":"2024-09-10T20:07:26","modified_gmt":"2024-09-10T18:07:26","slug":"intenso-coloquio-literario-en-castropol","status":"publish","type":"post","link":"https:\/\/www.comunicacionyescuela.es\/2024\/intenso-coloquio-literario-en-castropol\/","title":{"rendered":"Intenso coloquio literario en Castropol"},"content":{"rendered":"\n<p>Los escritores Fernando Beltr\u00e1n y Carlos Aganzo protagonizaron un intenso coloquio literario en la Biblioteca Popular Circulante \u201cMen\u00e9ndez Pelayo\u201d de Castropol en el que deleitaron a los asistentes con un recital de algunas de sus poes\u00edas. Ambos dejaron clara su pasi\u00f3n y su profundo amor a la literatura en general y a la poes\u00eda en particular, al tiempo que reflexionaron sobre el papel de esta \u00faltima en la sociedad y pusieron de relieve su inmensa capacidad creadora. Al mismo tiempo, participaron en un coloquio con el p\u00fablico asistente.<\/p>\n","protected":false},"excerpt":{"rendered":"<p>Los escritores Fernando Beltr\u00e1n y Carlos Aganzo protagonizaron un intenso coloquio literario en la Biblioteca Popular Circulante \u201cMen\u00e9ndez Pelayo\u201d de Castropol en el que deleitaron a los asistentes con un &#8230; <a title=\"Intenso coloquio literario en Castropol\" class=\"read-more\" href=\"https:\/\/www.comunicacionyescuela.es\/2024\/intenso-coloquio-literario-en-castropol\/\" aria-label=\"Leer m\u00e1s sobre Intenso coloquio literario en Castropol\">Leer m\u00e1s<\/a><\/p>\n","protected":false},"author":2,"featured_media":625,"comment_status":"open","ping_status":"closed","sticky":false,"template":"","format":"standard","meta":{"ngg_post_thumbnail":0,"footnotes":""},"categories":[3],"tags":[],"class_list":["post-624","post","type-post","status-publish","format-standard","has-post-thumbnail","hentry","category-actualidad-del-foro"],"_links":{"self":[{"href":"https:\/\/www.comunicacionyescuela.es\/2024\/wp-json\/wp\/v2\/posts\/624","targetHints":{"allow":["GET"]}}],"collection":[{"href":"https:\/\/www.comunicacionyescuela.es\/2024\/wp-json\/wp\/v2\/posts"}],"about":[{"href":"https:\/\/www.comunicacionyescuela.es\/2024\/wp-json\/wp\/v2\/types\/post"}],"author":[{"embeddable":true,"href":"https:\/\/www.comunicacionyescuela.es\/2024\/wp-json\/wp\/v2\/users\/2"}],"replies":[{"embeddable":true,"href":"https:\/\/www.comunicacionyescuela.es\/2024\/wp-json\/wp\/v2\/comments?post=624"}],"version-history":[{"count":1,"href":"https:\/\/www.comunicacionyescuela.es\/2024\/wp-json\/wp\/v2\/posts\/624\/revisions"}],"predecessor-version":[{"id":626,"href":"https:\/\/www.comunicacionyescuela.es\/2024\/wp-json\/wp\/v2\/posts\/624\/revisions\/626"}],"wp:featuredmedia":[{"embeddable":true,"href":"https:\/\/www.comunicacionyescuela.es\/2024\/wp-json\/wp\/v2\/media\/625"}],"wp:attachment":[{"href":"https:\/\/www.comunicacionyescuela.es\/2024\/wp-json\/wp\/v2\/media?parent=624"}],"wp:term":[{"taxonomy":"category","embeddable":true,"href":"https:\/\/www.comunicacionyescuela.es\/2024\/wp-json\/wp\/v2\/categories?post=624"},{"taxonomy":"post_tag","embeddable":true,"href":"https:\/\/www.comunicacionyescuela.es\/2024\/wp-json\/wp\/v2\/tags?post=624"}],"curies":[{"name":"wp","href":"https:\/\/api.w.org\/{rel}","templated":true}]}}