{"id":611,"date":"2024-09-04T20:36:30","date_gmt":"2024-09-04T18:36:30","guid":{"rendered":"https:\/\/www.comunicacionyescuela.es\/2024\/?p=611"},"modified":"2024-09-04T20:36:31","modified_gmt":"2024-09-04T18:36:31","slug":"ruta-en-bicicleta-con-el-ciclista-oscar-pereiro","status":"publish","type":"post","link":"https:\/\/www.comunicacionyescuela.es\/2024\/ruta-en-bicicleta-con-el-ciclista-oscar-pereiro\/","title":{"rendered":"Ruta en bicicleta con el ciclista \u00d3scar Pereiro"},"content":{"rendered":"\n<p>Dentro de la jornada con el ciclista, \u00d3scar Pereiro, campe\u00f3n del Tour de Francia, en este 16 Foro Comunicaci\u00f3n y Escuela, y previo al coloquio, se realizar\u00e1 una ruta ciclista por los concejos de Vegadeo y Castropol con estudiantes de Educaci\u00f3n Primaria y Secundaria del Colegio La Paloma, Colegio Jovellanos e IES Elisa y Luis Villamil. En esta actividad colaboran la empresa ASAC Comunicaciones y Castropol Deporte. Dar\u00e1 comienzo a las 10,30 horas con salida desde la Plaza del Ayuntamiento de Vegadeo.<\/p>\n","protected":false},"excerpt":{"rendered":"<p>Dentro de la jornada con el ciclista, \u00d3scar Pereiro, campe\u00f3n del Tour de Francia, en este 16 Foro Comunicaci\u00f3n y Escuela, y previo al coloquio, se realizar\u00e1 una ruta ciclista &#8230; <a title=\"Ruta en bicicleta con el ciclista \u00d3scar Pereiro\" class=\"read-more\" href=\"https:\/\/www.comunicacionyescuela.es\/2024\/ruta-en-bicicleta-con-el-ciclista-oscar-pereiro\/\" aria-label=\"Leer m\u00e1s sobre Ruta en bicicleta con el ciclista \u00d3scar Pereiro\">Leer m\u00e1s<\/a><\/p>\n","protected":false},"author":2,"featured_media":613,"comment_status":"open","ping_status":"closed","sticky":false,"template":"","format":"standard","meta":{"ngg_post_thumbnail":0,"footnotes":""},"categories":[3],"tags":[],"class_list":["post-611","post","type-post","status-publish","format-standard","has-post-thumbnail","hentry","category-actualidad-del-foro"],"_links":{"self":[{"href":"https:\/\/www.comunicacionyescuela.es\/2024\/wp-json\/wp\/v2\/posts\/611","targetHints":{"allow":["GET"]}}],"collection":[{"href":"https:\/\/www.comunicacionyescuela.es\/2024\/wp-json\/wp\/v2\/posts"}],"about":[{"href":"https:\/\/www.comunicacionyescuela.es\/2024\/wp-json\/wp\/v2\/types\/post"}],"author":[{"embeddable":true,"href":"https:\/\/www.comunicacionyescuela.es\/2024\/wp-json\/wp\/v2\/users\/2"}],"replies":[{"embeddable":true,"href":"https:\/\/www.comunicacionyescuela.es\/2024\/wp-json\/wp\/v2\/comments?post=611"}],"version-history":[{"count":1,"href":"https:\/\/www.comunicacionyescuela.es\/2024\/wp-json\/wp\/v2\/posts\/611\/revisions"}],"predecessor-version":[{"id":614,"href":"https:\/\/www.comunicacionyescuela.es\/2024\/wp-json\/wp\/v2\/posts\/611\/revisions\/614"}],"wp:featuredmedia":[{"embeddable":true,"href":"https:\/\/www.comunicacionyescuela.es\/2024\/wp-json\/wp\/v2\/media\/613"}],"wp:attachment":[{"href":"https:\/\/www.comunicacionyescuela.es\/2024\/wp-json\/wp\/v2\/media?parent=611"}],"wp:term":[{"taxonomy":"category","embeddable":true,"href":"https:\/\/www.comunicacionyescuela.es\/2024\/wp-json\/wp\/v2\/categories?post=611"},{"taxonomy":"post_tag","embeddable":true,"href":"https:\/\/www.comunicacionyescuela.es\/2024\/wp-json\/wp\/v2\/tags?post=611"}],"curies":[{"name":"wp","href":"https:\/\/api.w.org\/{rel}","templated":true}]}}