{"id":608,"date":"2024-09-04T20:33:40","date_gmt":"2024-09-04T18:33:40","guid":{"rendered":"https:\/\/www.comunicacionyescuela.es\/2024\/?p=608"},"modified":"2024-09-04T20:33:42","modified_gmt":"2024-09-04T18:33:42","slug":"charla-coloquio-con-el-ciclista-oscar-pereiro","status":"publish","type":"post","link":"https:\/\/www.comunicacionyescuela.es\/2024\/charla-coloquio-con-el-ciclista-oscar-pereiro\/","title":{"rendered":"Charla coloquio con el ciclista \u00d3scar Pereiro"},"content":{"rendered":"\n<p>Jornada con el ciclista, \u00d3scar Pereiro, campe\u00f3n del Tour de Francia, en este 16 Foro Comunicaci\u00f3n y Escuela. Habr\u00e1 una charla coloquio para los alumnos\/as de 1\u00b0, 2\u00b0 y 3\u00b0 de Educaci\u00f3n Secundaria, y para el p\u00fablico en general, en el Auditorio F\u00e9lix Men\u00e9ndez de la Casa de Cultura de Vegadeo. Ser\u00e1 el pr\u00f3ximo d\u00eda 24 de mayo a las 12,50 horas.<\/p>\n","protected":false},"excerpt":{"rendered":"<p>Jornada con el ciclista, \u00d3scar Pereiro, campe\u00f3n del Tour de Francia, en este 16 Foro Comunicaci\u00f3n y Escuela. Habr\u00e1 una charla coloquio para los alumnos\/as de 1\u00b0, 2\u00b0 y 3\u00b0 &#8230; <a title=\"Charla coloquio con el ciclista \u00d3scar Pereiro\" class=\"read-more\" href=\"https:\/\/www.comunicacionyescuela.es\/2024\/charla-coloquio-con-el-ciclista-oscar-pereiro\/\" aria-label=\"Leer m\u00e1s sobre Charla coloquio con el ciclista \u00d3scar Pereiro\">Leer m\u00e1s<\/a><\/p>\n","protected":false},"author":2,"featured_media":609,"comment_status":"open","ping_status":"closed","sticky":false,"template":"","format":"standard","meta":{"ngg_post_thumbnail":0,"footnotes":""},"categories":[3],"tags":[],"class_list":["post-608","post","type-post","status-publish","format-standard","has-post-thumbnail","hentry","category-actualidad-del-foro"],"_links":{"self":[{"href":"https:\/\/www.comunicacionyescuela.es\/2024\/wp-json\/wp\/v2\/posts\/608","targetHints":{"allow":["GET"]}}],"collection":[{"href":"https:\/\/www.comunicacionyescuela.es\/2024\/wp-json\/wp\/v2\/posts"}],"about":[{"href":"https:\/\/www.comunicacionyescuela.es\/2024\/wp-json\/wp\/v2\/types\/post"}],"author":[{"embeddable":true,"href":"https:\/\/www.comunicacionyescuela.es\/2024\/wp-json\/wp\/v2\/users\/2"}],"replies":[{"embeddable":true,"href":"https:\/\/www.comunicacionyescuela.es\/2024\/wp-json\/wp\/v2\/comments?post=608"}],"version-history":[{"count":1,"href":"https:\/\/www.comunicacionyescuela.es\/2024\/wp-json\/wp\/v2\/posts\/608\/revisions"}],"predecessor-version":[{"id":610,"href":"https:\/\/www.comunicacionyescuela.es\/2024\/wp-json\/wp\/v2\/posts\/608\/revisions\/610"}],"wp:featuredmedia":[{"embeddable":true,"href":"https:\/\/www.comunicacionyescuela.es\/2024\/wp-json\/wp\/v2\/media\/609"}],"wp:attachment":[{"href":"https:\/\/www.comunicacionyescuela.es\/2024\/wp-json\/wp\/v2\/media?parent=608"}],"wp:term":[{"taxonomy":"category","embeddable":true,"href":"https:\/\/www.comunicacionyescuela.es\/2024\/wp-json\/wp\/v2\/categories?post=608"},{"taxonomy":"post_tag","embeddable":true,"href":"https:\/\/www.comunicacionyescuela.es\/2024\/wp-json\/wp\/v2\/tags?post=608"}],"curies":[{"name":"wp","href":"https:\/\/api.w.org\/{rel}","templated":true}]}}