{"id":580,"date":"2024-09-04T20:11:20","date_gmt":"2024-09-04T18:11:20","guid":{"rendered":"https:\/\/www.comunicacionyescuela.es\/2024\/?p=580"},"modified":"2024-09-04T20:11:21","modified_gmt":"2024-09-04T18:11:21","slug":"los-alumnos-as-de-4o-de-secundaria-de-vegadeo-se-acercan-a-la-elaboracion-del-periodico-el-comercio","status":"publish","type":"post","link":"https:\/\/www.comunicacionyescuela.es\/2024\/los-alumnos-as-de-4o-de-secundaria-de-vegadeo-se-acercan-a-la-elaboracion-del-periodico-el-comercio\/","title":{"rendered":"Los alumnos\/as de 4\u00ba de Secundaria de Vegadeo se acercan a la elaboraci\u00f3n del peri\u00f3dico El Comercio"},"content":{"rendered":"\n<p>Los alumnos\/as de 4\u00b0 de Educaci\u00f3n Secundaria mantendr\u00e1n un encuentro, en Gij\u00f3n, con el director y periodistas de El Comercio El Comercio (Diario de Asturias) para acercarse a c\u00f3mo se elabora este medio de comunicaci\u00f3n. Posteriormente, ser\u00e1n recibidos en el Ayuntamiento de la ciudad, e invitados a una comida y una visita guiada al Jard\u00edn Bot\u00e1nico de Gij\u00f3n por su Alcaldesa. Esta actividad se desarrollar\u00e1 el pr\u00f3ximo d\u00eda 16 de mayo.<\/p>\n","protected":false},"excerpt":{"rendered":"<p>Los alumnos\/as de 4\u00b0 de Educaci\u00f3n Secundaria mantendr\u00e1n un encuentro, en Gij\u00f3n, con el director y periodistas de El Comercio El Comercio (Diario de Asturias) para acercarse a c\u00f3mo se &#8230; <a title=\"Los alumnos\/as de 4\u00ba de Secundaria de Vegadeo se acercan a la elaboraci\u00f3n del peri\u00f3dico El Comercio\" class=\"read-more\" href=\"https:\/\/www.comunicacionyescuela.es\/2024\/los-alumnos-as-de-4o-de-secundaria-de-vegadeo-se-acercan-a-la-elaboracion-del-periodico-el-comercio\/\" aria-label=\"Leer m\u00e1s sobre Los alumnos\/as de 4\u00ba de Secundaria de Vegadeo se acercan a la elaboraci\u00f3n del peri\u00f3dico El Comercio\">Leer m\u00e1s<\/a><\/p>\n","protected":false},"author":2,"featured_media":581,"comment_status":"open","ping_status":"closed","sticky":false,"template":"","format":"standard","meta":{"ngg_post_thumbnail":0,"footnotes":""},"categories":[3],"tags":[],"class_list":["post-580","post","type-post","status-publish","format-standard","has-post-thumbnail","hentry","category-actualidad-del-foro"],"_links":{"self":[{"href":"https:\/\/www.comunicacionyescuela.es\/2024\/wp-json\/wp\/v2\/posts\/580","targetHints":{"allow":["GET"]}}],"collection":[{"href":"https:\/\/www.comunicacionyescuela.es\/2024\/wp-json\/wp\/v2\/posts"}],"about":[{"href":"https:\/\/www.comunicacionyescuela.es\/2024\/wp-json\/wp\/v2\/types\/post"}],"author":[{"embeddable":true,"href":"https:\/\/www.comunicacionyescuela.es\/2024\/wp-json\/wp\/v2\/users\/2"}],"replies":[{"embeddable":true,"href":"https:\/\/www.comunicacionyescuela.es\/2024\/wp-json\/wp\/v2\/comments?post=580"}],"version-history":[{"count":1,"href":"https:\/\/www.comunicacionyescuela.es\/2024\/wp-json\/wp\/v2\/posts\/580\/revisions"}],"predecessor-version":[{"id":582,"href":"https:\/\/www.comunicacionyescuela.es\/2024\/wp-json\/wp\/v2\/posts\/580\/revisions\/582"}],"wp:featuredmedia":[{"embeddable":true,"href":"https:\/\/www.comunicacionyescuela.es\/2024\/wp-json\/wp\/v2\/media\/581"}],"wp:attachment":[{"href":"https:\/\/www.comunicacionyescuela.es\/2024\/wp-json\/wp\/v2\/media?parent=580"}],"wp:term":[{"taxonomy":"category","embeddable":true,"href":"https:\/\/www.comunicacionyescuela.es\/2024\/wp-json\/wp\/v2\/categories?post=580"},{"taxonomy":"post_tag","embeddable":true,"href":"https:\/\/www.comunicacionyescuela.es\/2024\/wp-json\/wp\/v2\/tags?post=580"}],"curies":[{"name":"wp","href":"https:\/\/api.w.org\/{rel}","templated":true}]}}