{"id":571,"date":"2024-09-04T20:04:21","date_gmt":"2024-09-04T18:04:21","guid":{"rendered":"https:\/\/www.comunicacionyescuela.es\/2024\/?p=571"},"modified":"2024-09-04T20:04:23","modified_gmt":"2024-09-04T18:04:23","slug":"pedro-cotilla-la-aviacion-es-un-medio-de-transporte-muy-seguro-no-tengais-temor-a-volar","status":"publish","type":"post","link":"https:\/\/www.comunicacionyescuela.es\/2024\/pedro-cotilla-la-aviacion-es-un-medio-de-transporte-muy-seguro-no-tengais-temor-a-volar\/","title":{"rendered":"Pedro Cotilla: \u201cLa aviaci\u00f3n es un medio de transporte muy seguro. No teng\u00e1is temor a volar\u201d"},"content":{"rendered":"\n<p>Conferencia sobre el funcionamiento de un aeropuerto con la participaci\u00f3n del director del Aeropuerto de Asturias, Pedro Cotilla; el piloto de Vueling, Julio Gonz\u00e1lez y el jefe del Departamento de Servicios y Comercial del Aeropuerto de Asturias, Jos\u00e9 Antonio Leiva y con la asistencia de los alumnos\/as de 5\u00b0 y 6\u00b0 de Educaci\u00f3n Primaria del Colegio La Paloma de Castropol, del Colegio Jovellanos y del CRA R\u00eda del Eo de Vegadeo y del CRA Oscos, a modo de una aut\u00e9ntica red educativa de la Comarca Oscos-Eo, la que tuvo lugar en la Casa de Cultura de Castropol en el marco de este 16 Foro Comunicaci\u00f3n y Escuela.<br>Durante la misma, los estudiantes pudieron comprobar que la aviaci\u00f3n es un medio de transporte muy seguro, adem\u00e1s de conocer de cerca todo el proceso que deben seguir los pasajeros dentro de un aeropuerto cuando van a coger un avi\u00f3n. Por otra parte, los invitados respondieron a las numerosas preguntas de los estudiantes tales como: cu\u00e1l es el vuelo m\u00e1s largo que se realiza desde Asturias, a qu\u00e9 altura vuelan los aviones, cu\u00e1nta gasolina llevan o cu\u00e1ntas operaciones se realizan diariamente en el aer\u00f3dromo asturiano.<\/p>\n","protected":false},"excerpt":{"rendered":"<p>Conferencia sobre el funcionamiento de un aeropuerto con la participaci\u00f3n del director del Aeropuerto de Asturias, Pedro Cotilla; el piloto de Vueling, Julio Gonz\u00e1lez y el jefe del Departamento de &#8230; <a title=\"Pedro Cotilla: \u201cLa aviaci\u00f3n es un medio de transporte muy seguro. No teng\u00e1is temor a volar\u201d\" class=\"read-more\" href=\"https:\/\/www.comunicacionyescuela.es\/2024\/pedro-cotilla-la-aviacion-es-un-medio-de-transporte-muy-seguro-no-tengais-temor-a-volar\/\" aria-label=\"Leer m\u00e1s sobre Pedro Cotilla: \u201cLa aviaci\u00f3n es un medio de transporte muy seguro. No teng\u00e1is temor a volar\u201d\">Leer m\u00e1s<\/a><\/p>\n","protected":false},"author":2,"featured_media":572,"comment_status":"open","ping_status":"closed","sticky":false,"template":"","format":"standard","meta":{"ngg_post_thumbnail":0,"footnotes":""},"categories":[3],"tags":[],"class_list":["post-571","post","type-post","status-publish","format-standard","has-post-thumbnail","hentry","category-actualidad-del-foro"],"_links":{"self":[{"href":"https:\/\/www.comunicacionyescuela.es\/2024\/wp-json\/wp\/v2\/posts\/571","targetHints":{"allow":["GET"]}}],"collection":[{"href":"https:\/\/www.comunicacionyescuela.es\/2024\/wp-json\/wp\/v2\/posts"}],"about":[{"href":"https:\/\/www.comunicacionyescuela.es\/2024\/wp-json\/wp\/v2\/types\/post"}],"author":[{"embeddable":true,"href":"https:\/\/www.comunicacionyescuela.es\/2024\/wp-json\/wp\/v2\/users\/2"}],"replies":[{"embeddable":true,"href":"https:\/\/www.comunicacionyescuela.es\/2024\/wp-json\/wp\/v2\/comments?post=571"}],"version-history":[{"count":1,"href":"https:\/\/www.comunicacionyescuela.es\/2024\/wp-json\/wp\/v2\/posts\/571\/revisions"}],"predecessor-version":[{"id":573,"href":"https:\/\/www.comunicacionyescuela.es\/2024\/wp-json\/wp\/v2\/posts\/571\/revisions\/573"}],"wp:featuredmedia":[{"embeddable":true,"href":"https:\/\/www.comunicacionyescuela.es\/2024\/wp-json\/wp\/v2\/media\/572"}],"wp:attachment":[{"href":"https:\/\/www.comunicacionyescuela.es\/2024\/wp-json\/wp\/v2\/media?parent=571"}],"wp:term":[{"taxonomy":"category","embeddable":true,"href":"https:\/\/www.comunicacionyescuela.es\/2024\/wp-json\/wp\/v2\/categories?post=571"},{"taxonomy":"post_tag","embeddable":true,"href":"https:\/\/www.comunicacionyescuela.es\/2024\/wp-json\/wp\/v2\/tags?post=571"}],"curies":[{"name":"wp","href":"https:\/\/api.w.org\/{rel}","templated":true}]}}