{"id":565,"date":"2024-09-04T20:00:04","date_gmt":"2024-09-04T18:00:04","guid":{"rendered":"https:\/\/www.comunicacionyescuela.es\/2024\/?p=565"},"modified":"2024-09-04T20:00:05","modified_gmt":"2024-09-04T18:00:05","slug":"ana-alonso-engancha-a-los-alumnos-as-del-colegio-jovellanos","status":"publish","type":"post","link":"https:\/\/www.comunicacionyescuela.es\/2024\/ana-alonso-engancha-a-los-alumnos-as-del-colegio-jovellanos\/","title":{"rendered":"Ana Alonso \u201cengancha\u201d a los alumnos\/as del Colegio Jovellanos"},"content":{"rendered":"\n<p>Intenso y vibrante encuentro con la escritora Ana Alonso en el Colegio Jovellanos con los alumnos\/as de 2\u00ba de Educaci\u00f3n Primaria. En un l\u00fadico acto literario con los ni\u00f1os y ni\u00f1as, la escritora puso en valor la lectura y la importancia que esta representa en el desarrollo de la imaginaci\u00f3n a esa corta edad. De manera muy expresiva, Ana Alonso, coment\u00f3 con los estudiantes los entresijos del libro que estos hab\u00edan le\u00eddo, libro Los tejados de Par\u00eds (Ed. Anaya, 2023). Como punto final, Ana Alonso, realiz\u00f3 la tradicional firma de libros.<\/p>\n","protected":false},"excerpt":{"rendered":"<p>Intenso y vibrante encuentro con la escritora Ana Alonso en el Colegio Jovellanos con los alumnos\/as de 2\u00ba de Educaci\u00f3n Primaria. En un l\u00fadico acto literario con los ni\u00f1os y &#8230; <a title=\"Ana Alonso \u201cengancha\u201d a los alumnos\/as del Colegio Jovellanos\" class=\"read-more\" href=\"https:\/\/www.comunicacionyescuela.es\/2024\/ana-alonso-engancha-a-los-alumnos-as-del-colegio-jovellanos\/\" aria-label=\"Leer m\u00e1s sobre Ana Alonso \u201cengancha\u201d a los alumnos\/as del Colegio Jovellanos\">Leer m\u00e1s<\/a><\/p>\n","protected":false},"author":2,"featured_media":566,"comment_status":"open","ping_status":"closed","sticky":false,"template":"","format":"standard","meta":{"ngg_post_thumbnail":0,"footnotes":""},"categories":[3],"tags":[],"class_list":["post-565","post","type-post","status-publish","format-standard","has-post-thumbnail","hentry","category-actualidad-del-foro"],"_links":{"self":[{"href":"https:\/\/www.comunicacionyescuela.es\/2024\/wp-json\/wp\/v2\/posts\/565","targetHints":{"allow":["GET"]}}],"collection":[{"href":"https:\/\/www.comunicacionyescuela.es\/2024\/wp-json\/wp\/v2\/posts"}],"about":[{"href":"https:\/\/www.comunicacionyescuela.es\/2024\/wp-json\/wp\/v2\/types\/post"}],"author":[{"embeddable":true,"href":"https:\/\/www.comunicacionyescuela.es\/2024\/wp-json\/wp\/v2\/users\/2"}],"replies":[{"embeddable":true,"href":"https:\/\/www.comunicacionyescuela.es\/2024\/wp-json\/wp\/v2\/comments?post=565"}],"version-history":[{"count":1,"href":"https:\/\/www.comunicacionyescuela.es\/2024\/wp-json\/wp\/v2\/posts\/565\/revisions"}],"predecessor-version":[{"id":567,"href":"https:\/\/www.comunicacionyescuela.es\/2024\/wp-json\/wp\/v2\/posts\/565\/revisions\/567"}],"wp:featuredmedia":[{"embeddable":true,"href":"https:\/\/www.comunicacionyescuela.es\/2024\/wp-json\/wp\/v2\/media\/566"}],"wp:attachment":[{"href":"https:\/\/www.comunicacionyescuela.es\/2024\/wp-json\/wp\/v2\/media?parent=565"}],"wp:term":[{"taxonomy":"category","embeddable":true,"href":"https:\/\/www.comunicacionyescuela.es\/2024\/wp-json\/wp\/v2\/categories?post=565"},{"taxonomy":"post_tag","embeddable":true,"href":"https:\/\/www.comunicacionyescuela.es\/2024\/wp-json\/wp\/v2\/tags?post=565"}],"curies":[{"name":"wp","href":"https:\/\/api.w.org\/{rel}","templated":true}]}}