{"id":540,"date":"2024-09-03T20:13:44","date_gmt":"2024-09-03T18:13:44","guid":{"rendered":"https:\/\/www.comunicacionyescuela.es\/2024\/?p=540"},"modified":"2024-09-03T20:13:45","modified_gmt":"2024-09-03T18:13:45","slug":"entrega-de-la-insignia-del-oro-a-la-nueva-espana-por-su-decidido-apoyo-al-foro","status":"publish","type":"post","link":"https:\/\/www.comunicacionyescuela.es\/2024\/entrega-de-la-insignia-del-oro-a-la-nueva-espana-por-su-decidido-apoyo-al-foro\/","title":{"rendered":"Entrega de la Insignia del Oro a La Nueva Espa\u00f1a por su decidido apoyo al Foro"},"content":{"rendered":"\n<p>Gonzalo Pe\u00f3n, director del peri\u00f3dico La Nueva Espa\u00f1a, recibi\u00f3 de manos del coordinador del Foro Comunicaci\u00f3n y Escuela, Luis Felipe Fern\u00e1ndez, la Insignia del Oro del Foro como se\u00f1al de agradecimiento por el fuerte compromiso de este medio de comunicaci\u00f3n con nuestro proyecto desde su inicio en 2009. La entrega de la m\u00e1xima distinci\u00f3n del Foro se llev\u00f3 a cabo durante la jornada en que los estudiantes de 1\u00ba de Bachillerato del IES Elisa y Luis Villamil visitaron las instalaciones del peri\u00f3dico para conocer \u201cin situ\u201d el proceso de su elaboraci\u00f3n. Como dijo Luis Felipe Fern\u00e1ndez: \u201cUna distinci\u00f3n que queremos entregar en vuestra propia casa como sincero homenaje y con todo cari\u00f1o, puesto que adem\u00e1s representa a todos los periodistas y profesionales de La Nueva Espa\u00f1a, que han contribuido a que el Foro se reconocido, no solo en Asturias, sino fuera de nuestra regi\u00f3n tambi\u00e9n\u201d.<\/p>\n","protected":false},"excerpt":{"rendered":"<p>Gonzalo Pe\u00f3n, director del peri\u00f3dico La Nueva Espa\u00f1a, recibi\u00f3 de manos del coordinador del Foro Comunicaci\u00f3n y Escuela, Luis Felipe Fern\u00e1ndez, la Insignia del Oro del Foro como se\u00f1al de &#8230; <a title=\"Entrega de la Insignia del Oro a La Nueva Espa\u00f1a por su decidido apoyo al Foro\" class=\"read-more\" href=\"https:\/\/www.comunicacionyescuela.es\/2024\/entrega-de-la-insignia-del-oro-a-la-nueva-espana-por-su-decidido-apoyo-al-foro\/\" aria-label=\"Leer m\u00e1s sobre Entrega de la Insignia del Oro a La Nueva Espa\u00f1a por su decidido apoyo al Foro\">Leer m\u00e1s<\/a><\/p>\n","protected":false},"author":2,"featured_media":541,"comment_status":"open","ping_status":"closed","sticky":false,"template":"","format":"standard","meta":{"ngg_post_thumbnail":0,"footnotes":""},"categories":[3],"tags":[],"class_list":["post-540","post","type-post","status-publish","format-standard","has-post-thumbnail","hentry","category-actualidad-del-foro"],"_links":{"self":[{"href":"https:\/\/www.comunicacionyescuela.es\/2024\/wp-json\/wp\/v2\/posts\/540","targetHints":{"allow":["GET"]}}],"collection":[{"href":"https:\/\/www.comunicacionyescuela.es\/2024\/wp-json\/wp\/v2\/posts"}],"about":[{"href":"https:\/\/www.comunicacionyescuela.es\/2024\/wp-json\/wp\/v2\/types\/post"}],"author":[{"embeddable":true,"href":"https:\/\/www.comunicacionyescuela.es\/2024\/wp-json\/wp\/v2\/users\/2"}],"replies":[{"embeddable":true,"href":"https:\/\/www.comunicacionyescuela.es\/2024\/wp-json\/wp\/v2\/comments?post=540"}],"version-history":[{"count":1,"href":"https:\/\/www.comunicacionyescuela.es\/2024\/wp-json\/wp\/v2\/posts\/540\/revisions"}],"predecessor-version":[{"id":542,"href":"https:\/\/www.comunicacionyescuela.es\/2024\/wp-json\/wp\/v2\/posts\/540\/revisions\/542"}],"wp:featuredmedia":[{"embeddable":true,"href":"https:\/\/www.comunicacionyescuela.es\/2024\/wp-json\/wp\/v2\/media\/541"}],"wp:attachment":[{"href":"https:\/\/www.comunicacionyescuela.es\/2024\/wp-json\/wp\/v2\/media?parent=540"}],"wp:term":[{"taxonomy":"category","embeddable":true,"href":"https:\/\/www.comunicacionyescuela.es\/2024\/wp-json\/wp\/v2\/categories?post=540"},{"taxonomy":"post_tag","embeddable":true,"href":"https:\/\/www.comunicacionyescuela.es\/2024\/wp-json\/wp\/v2\/tags?post=540"}],"curies":[{"name":"wp","href":"https:\/\/api.w.org\/{rel}","templated":true}]}}