{"id":534,"date":"2024-09-03T20:09:24","date_gmt":"2024-09-03T18:09:24","guid":{"rendered":"https:\/\/www.comunicacionyescuela.es\/2024\/?p=534"},"modified":"2024-09-03T20:09:25","modified_gmt":"2024-09-03T18:09:25","slug":"en-el-camino-de-miguel-delibes","status":"publish","type":"post","link":"https:\/\/www.comunicacionyescuela.es\/2024\/en-el-camino-de-miguel-delibes\/","title":{"rendered":"En el camino de Miguel Delibes"},"content":{"rendered":"\n<p>Viaje a Valladolid de los alumnos\/as de 2\u00b0 de Bachillerato HS, que participar\u00e1n en la actividad \u00abEn el camino de Delibes, con el fin de acercarse a la vida y obra del escritor. Visitar\u00e1n el peri\u00f3dico El Norte de Castilla, del cual Delibes fue director, y, de la mano de Elisa Delibes, hija del gran autor,bes recorrer\u00e1n los lugares m\u00e1s emblem\u00e1ticos del Valladolid de Miguel Delibes, incluida la casa en la que vivi\u00f3 y falleci\u00f3. En estas actividades colaboran tanto la Fundaci\u00f3n Miguel Delibes, como el peri\u00f3dico El Norte de Castilla.<\/p>\n\n\n\n<p><\/p>\n","protected":false},"excerpt":{"rendered":"<p>Viaje a Valladolid de los alumnos\/as de 2\u00b0 de Bachillerato HS, que participar\u00e1n en la actividad \u00abEn el camino de Delibes, con el fin de acercarse a la vida y &#8230; <a title=\"En el camino de Miguel Delibes\" class=\"read-more\" href=\"https:\/\/www.comunicacionyescuela.es\/2024\/en-el-camino-de-miguel-delibes\/\" aria-label=\"Leer m\u00e1s sobre En el camino de Miguel Delibes\">Leer m\u00e1s<\/a><\/p>\n","protected":false},"author":2,"featured_media":535,"comment_status":"open","ping_status":"closed","sticky":false,"template":"","format":"standard","meta":{"ngg_post_thumbnail":0,"footnotes":""},"categories":[3],"tags":[],"class_list":["post-534","post","type-post","status-publish","format-standard","has-post-thumbnail","hentry","category-actualidad-del-foro"],"_links":{"self":[{"href":"https:\/\/www.comunicacionyescuela.es\/2024\/wp-json\/wp\/v2\/posts\/534","targetHints":{"allow":["GET"]}}],"collection":[{"href":"https:\/\/www.comunicacionyescuela.es\/2024\/wp-json\/wp\/v2\/posts"}],"about":[{"href":"https:\/\/www.comunicacionyescuela.es\/2024\/wp-json\/wp\/v2\/types\/post"}],"author":[{"embeddable":true,"href":"https:\/\/www.comunicacionyescuela.es\/2024\/wp-json\/wp\/v2\/users\/2"}],"replies":[{"embeddable":true,"href":"https:\/\/www.comunicacionyescuela.es\/2024\/wp-json\/wp\/v2\/comments?post=534"}],"version-history":[{"count":1,"href":"https:\/\/www.comunicacionyescuela.es\/2024\/wp-json\/wp\/v2\/posts\/534\/revisions"}],"predecessor-version":[{"id":536,"href":"https:\/\/www.comunicacionyescuela.es\/2024\/wp-json\/wp\/v2\/posts\/534\/revisions\/536"}],"wp:featuredmedia":[{"embeddable":true,"href":"https:\/\/www.comunicacionyescuela.es\/2024\/wp-json\/wp\/v2\/media\/535"}],"wp:attachment":[{"href":"https:\/\/www.comunicacionyescuela.es\/2024\/wp-json\/wp\/v2\/media?parent=534"}],"wp:term":[{"taxonomy":"category","embeddable":true,"href":"https:\/\/www.comunicacionyescuela.es\/2024\/wp-json\/wp\/v2\/categories?post=534"},{"taxonomy":"post_tag","embeddable":true,"href":"https:\/\/www.comunicacionyescuela.es\/2024\/wp-json\/wp\/v2\/tags?post=534"}],"curies":[{"name":"wp","href":"https:\/\/api.w.org\/{rel}","templated":true}]}}