{"id":522,"date":"2024-09-03T19:59:36","date_gmt":"2024-09-03T17:59:36","guid":{"rendered":"https:\/\/www.comunicacionyescuela.es\/2024\/?p=522"},"modified":"2024-09-03T19:59:38","modified_gmt":"2024-09-03T17:59:38","slug":"conferencia-sobre-la-central-de-salime","status":"publish","type":"post","link":"https:\/\/www.comunicacionyescuela.es\/2024\/conferencia-sobre-la-central-de-salime\/","title":{"rendered":"Conferencia sobre la Central de Salime"},"content":{"rendered":"\n<p>Conferencia para los alumnos\/as de 3\u00b0 de Educaci\u00f3n Secundaria sobre la central hidroel\u00e9ctrica de Grandas de Salime, una instalaci\u00f3n de referencia en producci\u00f3n de energ\u00eda. Como complemento a esta conferencia los estudiantes visitar\u00e1n la central de Grandas el pr\u00f3ximo 4 de junio, como oportunamente anunciaremos en nuestra web y redes sociales.<\/p>\n\n\n\n<p>Participar\u00e1n en esta conferencia el director de Saltos del Navia entre 2009 y 2023, Alberto R\u00faa Figueroa Rey y el actual responsable, Emilio A. Fern\u00e1ndez Gonz\u00e1lez.<\/p>\n","protected":false},"excerpt":{"rendered":"<p>Conferencia para los alumnos\/as de 3\u00b0 de Educaci\u00f3n Secundaria sobre la central hidroel\u00e9ctrica de Grandas de Salime, una instalaci\u00f3n de referencia en producci\u00f3n de energ\u00eda. Como complemento a esta conferencia &#8230; <a title=\"Conferencia sobre la Central de Salime\" class=\"read-more\" href=\"https:\/\/www.comunicacionyescuela.es\/2024\/conferencia-sobre-la-central-de-salime\/\" aria-label=\"Leer m\u00e1s sobre Conferencia sobre la Central de Salime\">Leer m\u00e1s<\/a><\/p>\n","protected":false},"author":2,"featured_media":523,"comment_status":"open","ping_status":"closed","sticky":false,"template":"","format":"standard","meta":{"ngg_post_thumbnail":0,"footnotes":""},"categories":[3],"tags":[],"class_list":["post-522","post","type-post","status-publish","format-standard","has-post-thumbnail","hentry","category-actualidad-del-foro"],"_links":{"self":[{"href":"https:\/\/www.comunicacionyescuela.es\/2024\/wp-json\/wp\/v2\/posts\/522","targetHints":{"allow":["GET"]}}],"collection":[{"href":"https:\/\/www.comunicacionyescuela.es\/2024\/wp-json\/wp\/v2\/posts"}],"about":[{"href":"https:\/\/www.comunicacionyescuela.es\/2024\/wp-json\/wp\/v2\/types\/post"}],"author":[{"embeddable":true,"href":"https:\/\/www.comunicacionyescuela.es\/2024\/wp-json\/wp\/v2\/users\/2"}],"replies":[{"embeddable":true,"href":"https:\/\/www.comunicacionyescuela.es\/2024\/wp-json\/wp\/v2\/comments?post=522"}],"version-history":[{"count":1,"href":"https:\/\/www.comunicacionyescuela.es\/2024\/wp-json\/wp\/v2\/posts\/522\/revisions"}],"predecessor-version":[{"id":524,"href":"https:\/\/www.comunicacionyescuela.es\/2024\/wp-json\/wp\/v2\/posts\/522\/revisions\/524"}],"wp:featuredmedia":[{"embeddable":true,"href":"https:\/\/www.comunicacionyescuela.es\/2024\/wp-json\/wp\/v2\/media\/523"}],"wp:attachment":[{"href":"https:\/\/www.comunicacionyescuela.es\/2024\/wp-json\/wp\/v2\/media?parent=522"}],"wp:term":[{"taxonomy":"category","embeddable":true,"href":"https:\/\/www.comunicacionyescuela.es\/2024\/wp-json\/wp\/v2\/categories?post=522"},{"taxonomy":"post_tag","embeddable":true,"href":"https:\/\/www.comunicacionyescuela.es\/2024\/wp-json\/wp\/v2\/tags?post=522"}],"curies":[{"name":"wp","href":"https:\/\/api.w.org\/{rel}","templated":true}]}}