{"id":4847,"date":"2024-12-26T20:31:31","date_gmt":"2024-12-26T19:31:31","guid":{"rendered":"https:\/\/www.comunicacionyescuela.es\/2024\/?p=4847"},"modified":"2024-12-26T20:31:33","modified_gmt":"2024-12-26T19:31:33","slug":"periodismo-de-altura-en-la-ultima-jornada-del-16-foro-comunicacion-y-escuela","status":"publish","type":"post","link":"https:\/\/www.comunicacionyescuela.es\/2024\/periodismo-de-altura-en-la-ultima-jornada-del-16-foro-comunicacion-y-escuela\/","title":{"rendered":"Periodismo de altura en la \u00faltima jornada del 16 Foro Comunicaci\u00f3n y Escuela"},"content":{"rendered":"\n<p>Los alumnos y alumnos y alumnas de los diferentes niveles del Instituto de Educaci\u00f3n Secundaria Elisa y Luis Villamil\u00a0 la oportunidad de participar en un encuentro simult\u00e1neo con siete periodistas en la jornada de clausura de este 16 Foro Comunicaci\u00f3n y Escuela que tuvo por lema \u201cComunicaci\u00f3n y Medio Rural\u201d. As\u00ed, estuvieron presentes: Jes\u00fas \u00c1lvarez, que fue director de Deportes de RTVE; Luis Fernando Mart\u00ednez, director de RTVE en Asturias; Gonzalo Mart\u00ednez Pe\u00f3n, director de La Nueva Espa\u00f1a; Leticia \u00c1lvarez, directora adjunta de El Comercio; Alfonso Riveiro, director de El Progreso de Lugo; Jos\u00e9 Mar\u00eda de Rato, director de Onda Cero Asturias y Nacho Monserrat, director de Informativos y Deportes de RTPA. Este encuentro simult\u00e1neo constituy\u00f3, sin duda, una experiencia educativa de primer nivel, pues previamente los estudiantes hab\u00edan tenido la oportunidad de visitar las instalaciones de diversos medios de\u00a0 comunicaci\u00f3n, y de \u00a0reunirse con los equipos de redacci\u00f3n de los mismos para conocer su funcionamiento.<\/p>\n","protected":false},"excerpt":{"rendered":"<p>Los alumnos y alumnos y alumnas de los diferentes niveles del Instituto de Educaci\u00f3n Secundaria Elisa y Luis Villamil\u00a0 la oportunidad de participar en un encuentro simult\u00e1neo con siete periodistas &#8230; <a title=\"Periodismo de altura en la \u00faltima jornada del 16 Foro Comunicaci\u00f3n y Escuela\" class=\"read-more\" href=\"https:\/\/www.comunicacionyescuela.es\/2024\/periodismo-de-altura-en-la-ultima-jornada-del-16-foro-comunicacion-y-escuela\/\" aria-label=\"Leer m\u00e1s sobre Periodismo de altura en la \u00faltima jornada del 16 Foro Comunicaci\u00f3n y Escuela\">Leer m\u00e1s<\/a><\/p>\n","protected":false},"author":2,"featured_media":4848,"comment_status":"closed","ping_status":"closed","sticky":false,"template":"","format":"standard","meta":{"ngg_post_thumbnail":0,"footnotes":""},"categories":[3],"tags":[],"class_list":["post-4847","post","type-post","status-publish","format-standard","has-post-thumbnail","hentry","category-actualidad-del-foro"],"_links":{"self":[{"href":"https:\/\/www.comunicacionyescuela.es\/2024\/wp-json\/wp\/v2\/posts\/4847","targetHints":{"allow":["GET"]}}],"collection":[{"href":"https:\/\/www.comunicacionyescuela.es\/2024\/wp-json\/wp\/v2\/posts"}],"about":[{"href":"https:\/\/www.comunicacionyescuela.es\/2024\/wp-json\/wp\/v2\/types\/post"}],"author":[{"embeddable":true,"href":"https:\/\/www.comunicacionyescuela.es\/2024\/wp-json\/wp\/v2\/users\/2"}],"replies":[{"embeddable":true,"href":"https:\/\/www.comunicacionyescuela.es\/2024\/wp-json\/wp\/v2\/comments?post=4847"}],"version-history":[{"count":1,"href":"https:\/\/www.comunicacionyescuela.es\/2024\/wp-json\/wp\/v2\/posts\/4847\/revisions"}],"predecessor-version":[{"id":4849,"href":"https:\/\/www.comunicacionyescuela.es\/2024\/wp-json\/wp\/v2\/posts\/4847\/revisions\/4849"}],"wp:featuredmedia":[{"embeddable":true,"href":"https:\/\/www.comunicacionyescuela.es\/2024\/wp-json\/wp\/v2\/media\/4848"}],"wp:attachment":[{"href":"https:\/\/www.comunicacionyescuela.es\/2024\/wp-json\/wp\/v2\/media?parent=4847"}],"wp:term":[{"taxonomy":"category","embeddable":true,"href":"https:\/\/www.comunicacionyescuela.es\/2024\/wp-json\/wp\/v2\/categories?post=4847"},{"taxonomy":"post_tag","embeddable":true,"href":"https:\/\/www.comunicacionyescuela.es\/2024\/wp-json\/wp\/v2\/tags?post=4847"}],"curies":[{"name":"wp","href":"https:\/\/api.w.org\/{rel}","templated":true}]}}