{"id":4841,"date":"2024-12-26T20:27:53","date_gmt":"2024-12-26T19:27:53","guid":{"rendered":"https:\/\/www.comunicacionyescuela.es\/2024\/?p=4841"},"modified":"2024-12-26T20:27:54","modified_gmt":"2024-12-26T19:27:54","slug":"completo-programa-en-la-jornada-de-clausura-del-16-foro-comunicacion-y-escuela","status":"publish","type":"post","link":"https:\/\/www.comunicacionyescuela.es\/2024\/completo-programa-en-la-jornada-de-clausura-del-16-foro-comunicacion-y-escuela\/","title":{"rendered":"Completo programa en la jornada de clausura del 16 Foro Comunicaci\u00f3n y Escuela"},"content":{"rendered":"\n<p>La jornada de clausura del 16 Foro Comunicaci\u00f3n y Escuela tendr\u00e1 lugar el pr\u00f3ximo lunes, 2 de diciembre. Participar\u00e1n directores y periodistas de diversos medios de comunicaci\u00f3n que mantendr\u00e1n, por la ma\u00f1ana, a partir de las 12, un encuentro simult\u00e1neo con los alumnos\/as del Instituto Elisa y Luis Villamil: Jes\u00fas \u00c1lvarez, que fue director de Deportes de RTVE; Luis Fernando Mart\u00ednez, director de RTVE en Asturias; Gonzalo Mart\u00ednez Pe\u00f3n, director de La Nueva Espa\u00f1a; Leticia \u00c1lvarez, directora adjunta de El Comercio; Alfonso Riveiro, director de El Progreso de Lugo; Jos\u00e9 Mar\u00eda de Rato, director de Onda Cero Asturias y Nacho Monserrat, director de Informativos y Deportes de RTPA, lo que constituye aut\u00e9ntica jornada con el periodismo de altura como protagonista. Onda Cero emitir\u00e1 en directo su programa auton\u00f3mico desde la Biblioteca del Instituto con numerosos invitados, a partir de las 12,20 del mediod\u00eda y, por la tarde, en el Auditorio F\u00e9lix Men\u00e9ndez, se desarrollar\u00e1 el acto de clausura que estar\u00e1 presidido por el presidente del Principado de Asturias, Adri\u00e1n Barb\u00f3n. En este acto se entregar\u00e1n diversas distinciones: Placas de Honor, Pupitres de Honor, Insignia de Oro, as\u00ed como los diversos premios a los alumnos y alumnas que han participado en las diferentes convocatorias realizadas en la presente edici\u00f3n del Foro.<\/p>\n","protected":false},"excerpt":{"rendered":"<p>La jornada de clausura del 16 Foro Comunicaci\u00f3n y Escuela tendr\u00e1 lugar el pr\u00f3ximo lunes, 2 de diciembre. Participar\u00e1n directores y periodistas de diversos medios de comunicaci\u00f3n que mantendr\u00e1n, por &#8230; <a title=\"Completo programa en la jornada de clausura del 16 Foro Comunicaci\u00f3n y Escuela\" class=\"read-more\" href=\"https:\/\/www.comunicacionyescuela.es\/2024\/completo-programa-en-la-jornada-de-clausura-del-16-foro-comunicacion-y-escuela\/\" aria-label=\"Leer m\u00e1s sobre Completo programa en la jornada de clausura del 16 Foro Comunicaci\u00f3n y Escuela\">Leer m\u00e1s<\/a><\/p>\n","protected":false},"author":2,"featured_media":4842,"comment_status":"closed","ping_status":"closed","sticky":false,"template":"","format":"standard","meta":{"ngg_post_thumbnail":0,"footnotes":""},"categories":[3],"tags":[],"class_list":["post-4841","post","type-post","status-publish","format-standard","has-post-thumbnail","hentry","category-actualidad-del-foro"],"_links":{"self":[{"href":"https:\/\/www.comunicacionyescuela.es\/2024\/wp-json\/wp\/v2\/posts\/4841","targetHints":{"allow":["GET"]}}],"collection":[{"href":"https:\/\/www.comunicacionyescuela.es\/2024\/wp-json\/wp\/v2\/posts"}],"about":[{"href":"https:\/\/www.comunicacionyescuela.es\/2024\/wp-json\/wp\/v2\/types\/post"}],"author":[{"embeddable":true,"href":"https:\/\/www.comunicacionyescuela.es\/2024\/wp-json\/wp\/v2\/users\/2"}],"replies":[{"embeddable":true,"href":"https:\/\/www.comunicacionyescuela.es\/2024\/wp-json\/wp\/v2\/comments?post=4841"}],"version-history":[{"count":1,"href":"https:\/\/www.comunicacionyescuela.es\/2024\/wp-json\/wp\/v2\/posts\/4841\/revisions"}],"predecessor-version":[{"id":4843,"href":"https:\/\/www.comunicacionyescuela.es\/2024\/wp-json\/wp\/v2\/posts\/4841\/revisions\/4843"}],"wp:featuredmedia":[{"embeddable":true,"href":"https:\/\/www.comunicacionyescuela.es\/2024\/wp-json\/wp\/v2\/media\/4842"}],"wp:attachment":[{"href":"https:\/\/www.comunicacionyescuela.es\/2024\/wp-json\/wp\/v2\/media?parent=4841"}],"wp:term":[{"taxonomy":"category","embeddable":true,"href":"https:\/\/www.comunicacionyescuela.es\/2024\/wp-json\/wp\/v2\/categories?post=4841"},{"taxonomy":"post_tag","embeddable":true,"href":"https:\/\/www.comunicacionyescuela.es\/2024\/wp-json\/wp\/v2\/tags?post=4841"}],"curies":[{"name":"wp","href":"https:\/\/api.w.org\/{rel}","templated":true}]}}