{"id":4838,"date":"2024-12-26T20:26:05","date_gmt":"2024-12-26T19:26:05","guid":{"rendered":"https:\/\/www.comunicacionyescuela.es\/2024\/?p=4838"},"modified":"2024-12-26T20:26:07","modified_gmt":"2024-12-26T19:26:07","slug":"xabier-fortes-en-castropol-no-entiendo-a-los-politicos-que-hablan-mal-de-la-politica","status":"publish","type":"post","link":"https:\/\/www.comunicacionyescuela.es\/2024\/xabier-fortes-en-castropol-no-entiendo-a-los-politicos-que-hablan-mal-de-la-politica\/","title":{"rendered":"Xabier Fortes en Castropol: \u201cNo entiendo a los pol\u00edticos que hablan mal de la pol\u00edtica\u201d"},"content":{"rendered":"\n<p>El informador y presentador del programa de RTVE, Xabier Fortes, particip\u00f3 en la Biblioteca Popular Circulante Men\u00e9ndez Pelayo un interesante coloquio con la presencia de numeroso p\u00fablico que ocup\u00f3 todo el espacio que se hab\u00eda destinado&nbsp; para los asistentes. En un tono cercano, el periodista afirm\u00f3 que no entend\u00eda que hubiera pol\u00edticos que hablen mal de la pol\u00edtica, pues considera que esta es una de las mejores expresiones del ser humano. Adem\u00e1s, incidi\u00f3 en la necesidad de buscar fuentes fiables de informaci\u00f3n, ya que considera que la desinformaci\u00f3n y las falsas noticias est\u00e1n al orden del d\u00eda en los tiempos actuales.<\/p>\n\n\n\n<p>Disert\u00f3, igualmente,&nbsp; acerca del importante papel que juegan en un sistema democr\u00e1tico los medios de comunicaci\u00f3n y respondi\u00f3 a las m\u00faltiples preguntas que formularon las personas presentes en el acto.<\/p>\n","protected":false},"excerpt":{"rendered":"<p>El informador y presentador del programa de RTVE, Xabier Fortes, particip\u00f3 en la Biblioteca Popular Circulante Men\u00e9ndez Pelayo un interesante coloquio con la presencia de numeroso p\u00fablico que ocup\u00f3 todo &#8230; <a title=\"Xabier Fortes en Castropol: \u201cNo entiendo a los pol\u00edticos que hablan mal de la pol\u00edtica\u201d\" class=\"read-more\" href=\"https:\/\/www.comunicacionyescuela.es\/2024\/xabier-fortes-en-castropol-no-entiendo-a-los-politicos-que-hablan-mal-de-la-politica\/\" aria-label=\"Leer m\u00e1s sobre Xabier Fortes en Castropol: \u201cNo entiendo a los pol\u00edticos que hablan mal de la pol\u00edtica\u201d\">Leer m\u00e1s<\/a><\/p>\n","protected":false},"author":2,"featured_media":4839,"comment_status":"closed","ping_status":"closed","sticky":false,"template":"","format":"standard","meta":{"ngg_post_thumbnail":0,"footnotes":""},"categories":[3],"tags":[],"class_list":["post-4838","post","type-post","status-publish","format-standard","has-post-thumbnail","hentry","category-actualidad-del-foro"],"_links":{"self":[{"href":"https:\/\/www.comunicacionyescuela.es\/2024\/wp-json\/wp\/v2\/posts\/4838","targetHints":{"allow":["GET"]}}],"collection":[{"href":"https:\/\/www.comunicacionyescuela.es\/2024\/wp-json\/wp\/v2\/posts"}],"about":[{"href":"https:\/\/www.comunicacionyescuela.es\/2024\/wp-json\/wp\/v2\/types\/post"}],"author":[{"embeddable":true,"href":"https:\/\/www.comunicacionyescuela.es\/2024\/wp-json\/wp\/v2\/users\/2"}],"replies":[{"embeddable":true,"href":"https:\/\/www.comunicacionyescuela.es\/2024\/wp-json\/wp\/v2\/comments?post=4838"}],"version-history":[{"count":1,"href":"https:\/\/www.comunicacionyescuela.es\/2024\/wp-json\/wp\/v2\/posts\/4838\/revisions"}],"predecessor-version":[{"id":4840,"href":"https:\/\/www.comunicacionyescuela.es\/2024\/wp-json\/wp\/v2\/posts\/4838\/revisions\/4840"}],"wp:featuredmedia":[{"embeddable":true,"href":"https:\/\/www.comunicacionyescuela.es\/2024\/wp-json\/wp\/v2\/media\/4839"}],"wp:attachment":[{"href":"https:\/\/www.comunicacionyescuela.es\/2024\/wp-json\/wp\/v2\/media?parent=4838"}],"wp:term":[{"taxonomy":"category","embeddable":true,"href":"https:\/\/www.comunicacionyescuela.es\/2024\/wp-json\/wp\/v2\/categories?post=4838"},{"taxonomy":"post_tag","embeddable":true,"href":"https:\/\/www.comunicacionyescuela.es\/2024\/wp-json\/wp\/v2\/tags?post=4838"}],"curies":[{"name":"wp","href":"https:\/\/api.w.org\/{rel}","templated":true}]}}