{"id":4835,"date":"2024-12-26T20:23:48","date_gmt":"2024-12-26T19:23:48","guid":{"rendered":"https:\/\/www.comunicacionyescuela.es\/2024\/?p=4835"},"modified":"2024-12-26T20:23:50","modified_gmt":"2024-12-26T19:23:50","slug":"xabier-fortes-en-el-ies-de-vegadeo-teneis-que-estar-ilustrados-educados-e-informados","status":"publish","type":"post","link":"https:\/\/www.comunicacionyescuela.es\/2024\/xabier-fortes-en-el-ies-de-vegadeo-teneis-que-estar-ilustrados-educados-e-informados\/","title":{"rendered":"Xabier Fortes en el IES de Vegadeo: \u201cTen\u00e9is que estar ilustrados, educados e informados\u201d"},"content":{"rendered":"\n<p>El conocido periodista gallego, Xabier Fortes, presentador del programa informativo \u201cLa noche en 24 horas\u201d que se emite diariamente por el Canal 24 horas de la televisi\u00f3n p\u00fablica de nuestro pa\u00eds se dirigi\u00f3 a los estudiantes de primer curso de Bachillerato del IES Elisa y Luis Villamil dici\u00e9ndoles que se ilustren, se eduquen y se informen con el fin de que puedan desenvolverse en la vida con plenas garant\u00edas y con opini\u00f3n propia. Asimismo, incidi\u00f3 en la necesidad de que sean capaces de adquirir esp\u00edritu cr\u00edtico. Adem\u00e1s, hizo menci\u00f3n a que deben ser cuidadosos con la gran cantidad de noticias falsas que se emiten por las redes sociales y en medios que no tienen rigor informativo, e invit\u00f3 al alumnado a buscar la informaci\u00f3n en fuentes fiables y que tengan el rigor como parte fundamental de su praxis. El acto concluy\u00f3 con numerosas preguntas que le formularon los discentes.<\/p>\n","protected":false},"excerpt":{"rendered":"<p>El conocido periodista gallego, Xabier Fortes, presentador del programa informativo \u201cLa noche en 24 horas\u201d que se emite diariamente por el Canal 24 horas de la televisi\u00f3n p\u00fablica de nuestro &#8230; <a title=\"Xabier Fortes en el IES de Vegadeo: \u201cTen\u00e9is que estar ilustrados, educados e informados\u201d\" class=\"read-more\" href=\"https:\/\/www.comunicacionyescuela.es\/2024\/xabier-fortes-en-el-ies-de-vegadeo-teneis-que-estar-ilustrados-educados-e-informados\/\" aria-label=\"Leer m\u00e1s sobre Xabier Fortes en el IES de Vegadeo: \u201cTen\u00e9is que estar ilustrados, educados e informados\u201d\">Leer m\u00e1s<\/a><\/p>\n","protected":false},"author":2,"featured_media":4836,"comment_status":"closed","ping_status":"closed","sticky":false,"template":"","format":"standard","meta":{"ngg_post_thumbnail":0,"footnotes":""},"categories":[3],"tags":[],"class_list":["post-4835","post","type-post","status-publish","format-standard","has-post-thumbnail","hentry","category-actualidad-del-foro"],"_links":{"self":[{"href":"https:\/\/www.comunicacionyescuela.es\/2024\/wp-json\/wp\/v2\/posts\/4835","targetHints":{"allow":["GET"]}}],"collection":[{"href":"https:\/\/www.comunicacionyescuela.es\/2024\/wp-json\/wp\/v2\/posts"}],"about":[{"href":"https:\/\/www.comunicacionyescuela.es\/2024\/wp-json\/wp\/v2\/types\/post"}],"author":[{"embeddable":true,"href":"https:\/\/www.comunicacionyescuela.es\/2024\/wp-json\/wp\/v2\/users\/2"}],"replies":[{"embeddable":true,"href":"https:\/\/www.comunicacionyescuela.es\/2024\/wp-json\/wp\/v2\/comments?post=4835"}],"version-history":[{"count":1,"href":"https:\/\/www.comunicacionyescuela.es\/2024\/wp-json\/wp\/v2\/posts\/4835\/revisions"}],"predecessor-version":[{"id":4837,"href":"https:\/\/www.comunicacionyescuela.es\/2024\/wp-json\/wp\/v2\/posts\/4835\/revisions\/4837"}],"wp:featuredmedia":[{"embeddable":true,"href":"https:\/\/www.comunicacionyescuela.es\/2024\/wp-json\/wp\/v2\/media\/4836"}],"wp:attachment":[{"href":"https:\/\/www.comunicacionyescuela.es\/2024\/wp-json\/wp\/v2\/media?parent=4835"}],"wp:term":[{"taxonomy":"category","embeddable":true,"href":"https:\/\/www.comunicacionyescuela.es\/2024\/wp-json\/wp\/v2\/categories?post=4835"},{"taxonomy":"post_tag","embeddable":true,"href":"https:\/\/www.comunicacionyescuela.es\/2024\/wp-json\/wp\/v2\/tags?post=4835"}],"curies":[{"name":"wp","href":"https:\/\/api.w.org\/{rel}","templated":true}]}}