{"id":4826,"date":"2024-12-26T20:17:23","date_gmt":"2024-12-26T19:17:23","guid":{"rendered":"https:\/\/www.comunicacionyescuela.es\/2024\/?p=4826"},"modified":"2024-12-26T20:17:24","modified_gmt":"2024-12-26T19:17:24","slug":"cerca-de-200-escolares-se-acercan-de-primera-mano-al-conocimiento-del-corazon-y-de-la-rcp","status":"publish","type":"post","link":"https:\/\/www.comunicacionyescuela.es\/2024\/cerca-de-200-escolares-se-acercan-de-primera-mano-al-conocimiento-del-corazon-y-de-la-rcp\/","title":{"rendered":"Cerca de 200 escolares se acercan de primera mano al conocimiento del coraz\u00f3n y de la RCP"},"content":{"rendered":"\n<p>Hemos desarrollado una completa jornada dedicada a la prevenci\u00f3n de las enfermedades del coraz\u00f3n y sobre el aprendizaje de la t\u00e9cnica de Reanimaci\u00f3n Cardiopulmonar (RCP) con la asistencia de una amplia representaci\u00f3n de m\u00e9dicos especialistas en Cardiolog\u00eda y Medicina Intensiva de diferentes Hospitales de Asturias y de la UVI m\u00f3vil del Hospital Comarcal de Jarrio. Tambi\u00e9n estuvo presente la consejera de Salud del Gobierno de Asturias, Concepci\u00f3n Saavedra. En total, 17 especialistas sanitarios en una actividad en la que participaron 150 alumnos\/as del Colegio Jovellanos de Vegadeo, del Colegio La Paloma de Castropol, del CRA R\u00eda del Eo y del IES Elisa y Luis Villamil. En la primera parte de la jornada se impartieron varias conferencias simult\u00e1neas en las que se trat\u00f3 qu\u00e9 es necesario hacer para prevenir las enfermedades cardiovasculares y sobre primeros auxilios y situaciones de emergencia.<\/p>\n\n\n\n<p>Finalizadas las conferencias, y en el polideportivo de Vegadeo, se llevaron a cabo talleres pr\u00e1cticos en la que todos los alumnos\/as que acudieron a esta jornada tuvieron la posibilidad de aprender c\u00f3mo se realiza la RCP.<\/p>\n","protected":false},"excerpt":{"rendered":"<p>Hemos desarrollado una completa jornada dedicada a la prevenci\u00f3n de las enfermedades del coraz\u00f3n y sobre el aprendizaje de la t\u00e9cnica de Reanimaci\u00f3n Cardiopulmonar (RCP) con la asistencia de una &#8230; <a title=\"Cerca de 200 escolares se acercan de primera mano al conocimiento del coraz\u00f3n y de la RCP\" class=\"read-more\" href=\"https:\/\/www.comunicacionyescuela.es\/2024\/cerca-de-200-escolares-se-acercan-de-primera-mano-al-conocimiento-del-corazon-y-de-la-rcp\/\" aria-label=\"Leer m\u00e1s sobre Cerca de 200 escolares se acercan de primera mano al conocimiento del coraz\u00f3n y de la RCP\">Leer m\u00e1s<\/a><\/p>\n","protected":false},"author":2,"featured_media":4827,"comment_status":"closed","ping_status":"closed","sticky":false,"template":"","format":"standard","meta":{"ngg_post_thumbnail":0,"footnotes":""},"categories":[3],"tags":[],"class_list":["post-4826","post","type-post","status-publish","format-standard","has-post-thumbnail","hentry","category-actualidad-del-foro"],"_links":{"self":[{"href":"https:\/\/www.comunicacionyescuela.es\/2024\/wp-json\/wp\/v2\/posts\/4826","targetHints":{"allow":["GET"]}}],"collection":[{"href":"https:\/\/www.comunicacionyescuela.es\/2024\/wp-json\/wp\/v2\/posts"}],"about":[{"href":"https:\/\/www.comunicacionyescuela.es\/2024\/wp-json\/wp\/v2\/types\/post"}],"author":[{"embeddable":true,"href":"https:\/\/www.comunicacionyescuela.es\/2024\/wp-json\/wp\/v2\/users\/2"}],"replies":[{"embeddable":true,"href":"https:\/\/www.comunicacionyescuela.es\/2024\/wp-json\/wp\/v2\/comments?post=4826"}],"version-history":[{"count":1,"href":"https:\/\/www.comunicacionyescuela.es\/2024\/wp-json\/wp\/v2\/posts\/4826\/revisions"}],"predecessor-version":[{"id":4828,"href":"https:\/\/www.comunicacionyescuela.es\/2024\/wp-json\/wp\/v2\/posts\/4826\/revisions\/4828"}],"wp:featuredmedia":[{"embeddable":true,"href":"https:\/\/www.comunicacionyescuela.es\/2024\/wp-json\/wp\/v2\/media\/4827"}],"wp:attachment":[{"href":"https:\/\/www.comunicacionyescuela.es\/2024\/wp-json\/wp\/v2\/media?parent=4826"}],"wp:term":[{"taxonomy":"category","embeddable":true,"href":"https:\/\/www.comunicacionyescuela.es\/2024\/wp-json\/wp\/v2\/categories?post=4826"},{"taxonomy":"post_tag","embeddable":true,"href":"https:\/\/www.comunicacionyescuela.es\/2024\/wp-json\/wp\/v2\/tags?post=4826"}],"curies":[{"name":"wp","href":"https:\/\/api.w.org\/{rel}","templated":true}]}}