{"id":4823,"date":"2024-12-26T20:13:53","date_gmt":"2024-12-26T19:13:53","guid":{"rendered":"https:\/\/www.comunicacionyescuela.es\/2024\/?p=4823"},"modified":"2024-12-26T20:13:55","modified_gmt":"2024-12-26T19:13:55","slug":"el-colegio-rural-agrupado-ria-del-eo-sera-equipado-con-un-desfibrilador","status":"publish","type":"post","link":"https:\/\/www.comunicacionyescuela.es\/2024\/el-colegio-rural-agrupado-ria-del-eo-sera-equipado-con-un-desfibrilador\/","title":{"rendered":"El Colegio Rural Agrupado R\u00eda del Eo ser\u00e1 equipado con un desfibrilador"},"content":{"rendered":"\n<p>Dentro del proyecto \u201cOscos-Eo, comarca educativa cardioprotegida\u201d, y tras las actividades desarrolladas en el IES Elisa y Luis Villamil en la primera parte de la jornada dedicada al coraz\u00f3n y RCP (conferencias y talleres) se dotar\u00e1 de un desfibrilador al Colegio Rural Agrupado R\u00eda del Eo que ser\u00e1 colocado en el aula de Abres. Este desfibrilador ser\u00e1 donado por la empresa TRANSINSA, que es una de las entidades patrocinadoras del Foro Comunicaci\u00f3n y Escuela. Cabe rese\u00f1ar que ser\u00e1 el cuarto centro educativo de la comarca Oscos-Eo a la que se dotar\u00e1 de este medio. Anteriormente, se equip\u00f3 al IES Elisa y Luis Villamil, al Colegio La Paloma de Castropol y al Colegio Jovellanos de Vegadeo.<\/p>\n","protected":false},"excerpt":{"rendered":"<p>Dentro del proyecto \u201cOscos-Eo, comarca educativa cardioprotegida\u201d, y tras las actividades desarrolladas en el IES Elisa y Luis Villamil en la primera parte de la jornada dedicada al coraz\u00f3n y &#8230; <a title=\"El Colegio Rural Agrupado R\u00eda del Eo ser\u00e1 equipado con un desfibrilador\" class=\"read-more\" href=\"https:\/\/www.comunicacionyescuela.es\/2024\/el-colegio-rural-agrupado-ria-del-eo-sera-equipado-con-un-desfibrilador\/\" aria-label=\"Leer m\u00e1s sobre El Colegio Rural Agrupado R\u00eda del Eo ser\u00e1 equipado con un desfibrilador\">Leer m\u00e1s<\/a><\/p>\n","protected":false},"author":2,"featured_media":4824,"comment_status":"closed","ping_status":"closed","sticky":false,"template":"","format":"standard","meta":{"ngg_post_thumbnail":0,"footnotes":""},"categories":[3],"tags":[],"class_list":["post-4823","post","type-post","status-publish","format-standard","has-post-thumbnail","hentry","category-actualidad-del-foro"],"_links":{"self":[{"href":"https:\/\/www.comunicacionyescuela.es\/2024\/wp-json\/wp\/v2\/posts\/4823","targetHints":{"allow":["GET"]}}],"collection":[{"href":"https:\/\/www.comunicacionyescuela.es\/2024\/wp-json\/wp\/v2\/posts"}],"about":[{"href":"https:\/\/www.comunicacionyescuela.es\/2024\/wp-json\/wp\/v2\/types\/post"}],"author":[{"embeddable":true,"href":"https:\/\/www.comunicacionyescuela.es\/2024\/wp-json\/wp\/v2\/users\/2"}],"replies":[{"embeddable":true,"href":"https:\/\/www.comunicacionyescuela.es\/2024\/wp-json\/wp\/v2\/comments?post=4823"}],"version-history":[{"count":1,"href":"https:\/\/www.comunicacionyescuela.es\/2024\/wp-json\/wp\/v2\/posts\/4823\/revisions"}],"predecessor-version":[{"id":4825,"href":"https:\/\/www.comunicacionyescuela.es\/2024\/wp-json\/wp\/v2\/posts\/4823\/revisions\/4825"}],"wp:featuredmedia":[{"embeddable":true,"href":"https:\/\/www.comunicacionyescuela.es\/2024\/wp-json\/wp\/v2\/media\/4824"}],"wp:attachment":[{"href":"https:\/\/www.comunicacionyescuela.es\/2024\/wp-json\/wp\/v2\/media?parent=4823"}],"wp:term":[{"taxonomy":"category","embeddable":true,"href":"https:\/\/www.comunicacionyescuela.es\/2024\/wp-json\/wp\/v2\/categories?post=4823"},{"taxonomy":"post_tag","embeddable":true,"href":"https:\/\/www.comunicacionyescuela.es\/2024\/wp-json\/wp\/v2\/tags?post=4823"}],"curies":[{"name":"wp","href":"https:\/\/api.w.org\/{rel}","templated":true}]}}