{"id":4814,"date":"2024-12-26T20:08:08","date_gmt":"2024-12-26T19:08:08","guid":{"rendered":"https:\/\/www.comunicacionyescuela.es\/2024\/?p=4814"},"modified":"2024-12-26T20:08:10","modified_gmt":"2024-12-26T19:08:10","slug":"los-alumnos-as-de-2o-de-educacion-secundaria-se-acercan-a-la-elaboracion-del-periodico-el-progreso","status":"publish","type":"post","link":"https:\/\/www.comunicacionyescuela.es\/2024\/los-alumnos-as-de-2o-de-educacion-secundaria-se-acercan-a-la-elaboracion-del-periodico-el-progreso\/","title":{"rendered":"Los alumnos\/as de 2\u00ba de Educaci\u00f3n Secundaria se acercan a la elaboraci\u00f3n del peri\u00f3dico El Progreso"},"content":{"rendered":"\n<p>Los alumnos\/as de 2\u00b0 de Educaci\u00f3n Secundaria participan en una situaci\u00f3n de aprendizaje en Lugo para conocer c\u00f3mo se elabora el peri\u00f3dico El Progres. Visitar\u00e1n la rotativa del peri\u00f3dico y, posterioemente, mantendr\u00e1n un encuentro en la sede del peri\u00f3dico en Lugo con el director, Alfonso Riveiro y con los periodistas Roc\u00edo Cort\u00e9s y Naacho Fouzo. Concluida la estancia en El Progreso, y tras la comida, \u00a0visitar\u00e1n la muralla romana y el centro de la ciudad.<\/p>\n","protected":false},"excerpt":{"rendered":"<p>Los alumnos\/as de 2\u00b0 de Educaci\u00f3n Secundaria participan en una situaci\u00f3n de aprendizaje en Lugo para conocer c\u00f3mo se elabora el peri\u00f3dico El Progres. Visitar\u00e1n la rotativa del peri\u00f3dico y, &#8230; <a title=\"Los alumnos\/as de 2\u00ba de Educaci\u00f3n Secundaria se acercan a la elaboraci\u00f3n del peri\u00f3dico El Progreso\" class=\"read-more\" href=\"https:\/\/www.comunicacionyescuela.es\/2024\/los-alumnos-as-de-2o-de-educacion-secundaria-se-acercan-a-la-elaboracion-del-periodico-el-progreso\/\" aria-label=\"Leer m\u00e1s sobre Los alumnos\/as de 2\u00ba de Educaci\u00f3n Secundaria se acercan a la elaboraci\u00f3n del peri\u00f3dico El Progreso\">Leer m\u00e1s<\/a><\/p>\n","protected":false},"author":2,"featured_media":4815,"comment_status":"closed","ping_status":"closed","sticky":false,"template":"","format":"standard","meta":{"ngg_post_thumbnail":0,"footnotes":""},"categories":[3],"tags":[],"class_list":["post-4814","post","type-post","status-publish","format-standard","has-post-thumbnail","hentry","category-actualidad-del-foro"],"_links":{"self":[{"href":"https:\/\/www.comunicacionyescuela.es\/2024\/wp-json\/wp\/v2\/posts\/4814","targetHints":{"allow":["GET"]}}],"collection":[{"href":"https:\/\/www.comunicacionyescuela.es\/2024\/wp-json\/wp\/v2\/posts"}],"about":[{"href":"https:\/\/www.comunicacionyescuela.es\/2024\/wp-json\/wp\/v2\/types\/post"}],"author":[{"embeddable":true,"href":"https:\/\/www.comunicacionyescuela.es\/2024\/wp-json\/wp\/v2\/users\/2"}],"replies":[{"embeddable":true,"href":"https:\/\/www.comunicacionyescuela.es\/2024\/wp-json\/wp\/v2\/comments?post=4814"}],"version-history":[{"count":1,"href":"https:\/\/www.comunicacionyescuela.es\/2024\/wp-json\/wp\/v2\/posts\/4814\/revisions"}],"predecessor-version":[{"id":4816,"href":"https:\/\/www.comunicacionyescuela.es\/2024\/wp-json\/wp\/v2\/posts\/4814\/revisions\/4816"}],"wp:featuredmedia":[{"embeddable":true,"href":"https:\/\/www.comunicacionyescuela.es\/2024\/wp-json\/wp\/v2\/media\/4815"}],"wp:attachment":[{"href":"https:\/\/www.comunicacionyescuela.es\/2024\/wp-json\/wp\/v2\/media?parent=4814"}],"wp:term":[{"taxonomy":"category","embeddable":true,"href":"https:\/\/www.comunicacionyescuela.es\/2024\/wp-json\/wp\/v2\/categories?post=4814"},{"taxonomy":"post_tag","embeddable":true,"href":"https:\/\/www.comunicacionyescuela.es\/2024\/wp-json\/wp\/v2\/tags?post=4814"}],"curies":[{"name":"wp","href":"https:\/\/api.w.org\/{rel}","templated":true}]}}