{"id":4808,"date":"2024-12-26T20:02:23","date_gmt":"2024-12-26T19:02:23","guid":{"rendered":"https:\/\/www.comunicacionyescuela.es\/2024\/?p=4808"},"modified":"2024-12-26T20:02:24","modified_gmt":"2024-12-26T19:02:24","slug":"jornada-dedicada-a-la-donacion-de-sangre-organos-tejidos-y-medula-osea","status":"publish","type":"post","link":"https:\/\/www.comunicacionyescuela.es\/2024\/jornada-dedicada-a-la-donacion-de-sangre-organos-tejidos-y-medula-osea\/","title":{"rendered":"Jornada dedicada a la donaci\u00f3n de sangre, \u00f3rganos, tejidos y m\u00e9dula \u00f3sea"},"content":{"rendered":"\n<p>Importante jornada dedicada a la donaci\u00f3n de sangre y de \u00f3rganos en la que participar\u00e1n destacados m\u00e9dicos y cirujanos del Hospital Central de Asturias y del Centro Comunitario de sangre y tejidos de Asturias. Adem\u00e1s, el autob\u00fas de donaci\u00f3n del Centro Comunitario de transfusi\u00f3n estar\u00e1 por la ma\u00f1ana del martes, 12 de noviembre, en el recinto del Instituto Elisa y Luis Villamil para todas aquellas personas que quieran donar sangre. Esta jornada tiene por objetivo promover el valor de la solidaridad entre nuestros estudiantes.<\/p>\n","protected":false},"excerpt":{"rendered":"<p>Importante jornada dedicada a la donaci\u00f3n de sangre y de \u00f3rganos en la que participar\u00e1n destacados m\u00e9dicos y cirujanos del Hospital Central de Asturias y del Centro Comunitario de sangre &#8230; <a title=\"Jornada dedicada a la donaci\u00f3n de sangre, \u00f3rganos, tejidos y m\u00e9dula \u00f3sea\" class=\"read-more\" href=\"https:\/\/www.comunicacionyescuela.es\/2024\/jornada-dedicada-a-la-donacion-de-sangre-organos-tejidos-y-medula-osea\/\" aria-label=\"Leer m\u00e1s sobre Jornada dedicada a la donaci\u00f3n de sangre, \u00f3rganos, tejidos y m\u00e9dula \u00f3sea\">Leer m\u00e1s<\/a><\/p>\n","protected":false},"author":2,"featured_media":4809,"comment_status":"closed","ping_status":"closed","sticky":false,"template":"","format":"standard","meta":{"ngg_post_thumbnail":0,"footnotes":""},"categories":[3],"tags":[],"class_list":["post-4808","post","type-post","status-publish","format-standard","has-post-thumbnail","hentry","category-actualidad-del-foro"],"_links":{"self":[{"href":"https:\/\/www.comunicacionyescuela.es\/2024\/wp-json\/wp\/v2\/posts\/4808","targetHints":{"allow":["GET"]}}],"collection":[{"href":"https:\/\/www.comunicacionyescuela.es\/2024\/wp-json\/wp\/v2\/posts"}],"about":[{"href":"https:\/\/www.comunicacionyescuela.es\/2024\/wp-json\/wp\/v2\/types\/post"}],"author":[{"embeddable":true,"href":"https:\/\/www.comunicacionyescuela.es\/2024\/wp-json\/wp\/v2\/users\/2"}],"replies":[{"embeddable":true,"href":"https:\/\/www.comunicacionyescuela.es\/2024\/wp-json\/wp\/v2\/comments?post=4808"}],"version-history":[{"count":1,"href":"https:\/\/www.comunicacionyescuela.es\/2024\/wp-json\/wp\/v2\/posts\/4808\/revisions"}],"predecessor-version":[{"id":4810,"href":"https:\/\/www.comunicacionyescuela.es\/2024\/wp-json\/wp\/v2\/posts\/4808\/revisions\/4810"}],"wp:featuredmedia":[{"embeddable":true,"href":"https:\/\/www.comunicacionyescuela.es\/2024\/wp-json\/wp\/v2\/media\/4809"}],"wp:attachment":[{"href":"https:\/\/www.comunicacionyescuela.es\/2024\/wp-json\/wp\/v2\/media?parent=4808"}],"wp:term":[{"taxonomy":"category","embeddable":true,"href":"https:\/\/www.comunicacionyescuela.es\/2024\/wp-json\/wp\/v2\/categories?post=4808"},{"taxonomy":"post_tag","embeddable":true,"href":"https:\/\/www.comunicacionyescuela.es\/2024\/wp-json\/wp\/v2\/tags?post=4808"}],"curies":[{"name":"wp","href":"https:\/\/api.w.org\/{rel}","templated":true}]}}