{"id":4805,"date":"2024-12-26T19:59:58","date_gmt":"2024-12-26T18:59:58","guid":{"rendered":"https:\/\/www.comunicacionyescuela.es\/2024\/?p=4805"},"modified":"2024-12-26T19:59:59","modified_gmt":"2024-12-26T18:59:59","slug":"emotivo-acto-en-burgohondo-para-conmemorar-el-25-aniversario-de-la-vinculacion-con-avila","status":"publish","type":"post","link":"https:\/\/www.comunicacionyescuela.es\/2024\/emotivo-acto-en-burgohondo-para-conmemorar-el-25-aniversario-de-la-vinculacion-con-avila\/","title":{"rendered":"Emotivo acto en Burgohondo para conmemorar el 25 aniversario de la vinculaci\u00f3n con \u00c1vila"},"content":{"rendered":"\n<p>Hemos vivido dos intensas jornadas en las localidades de Cebreros y Burgohondo para conmemorar los 25 a\u00f1os de la vinculaci\u00f3n \u00c1vila-Asturias a trav\u00e9s de la educaci\u00f3n. Y hemos rendido un sentido homenaje a Aurelio Delgado Mart\u00edn, una persona clave en este hermanamiento. Gracias a los presidentes de Asturias, Adri\u00e1n Barb\u00f3n y de Castilla-Le\u00f3n, Alfonso Fern\u00e1ndez Ma\u00f1ueco por su participaci\u00f3n en estos actos; al igual que a Juan Cofi\u00f1o, presidente de la Junta General del Principado; Carlos Garc\u00eda, presidente de la Diputaci\u00f3n de \u00c1vila; Rocio Lucas, consejera de Educaci\u00f3n del Gobierno de Castilla-Le\u00f3n y a los alcaldes y concejales de Vegadeo, Castropol, Santa Eulalia de Oscos, Villanueva de Oscos, Taramundi, San Tirso de Abres e Ibias; al presidente de Reny Picot, Francisco Rodr\u00edguez, o al presidente de ASCOVE, Jos\u00e9 Antonio Seijo. Gracias a todas las personas, entidades, instituciones y medios de comunicaci\u00f3n que con su apoyo lo han hecho posible, algunos de cuyos representantes fueron reconocidos por ello, y entre los cuales cabe citar a los profesores de nuestro Instituto, Emilio Garc\u00eda y Asunci\u00f3n Vi\u00f1a. Gracias a los ayuntamientos de Cebreros y Burgohondo por su acogida y afecto. Gracias a los medios de comunicaci\u00f3n de \u00c1vila que fueron reconocidos con el Pupitre de Honor: Cadena COPE \u00c1vila, Cadena SER \u00c1vila, Onda Cero \u00c1vila, \u00c1vila Red,Tribuna \u00c1vila y La 8 \u00c1vila por su contribuci\u00f3n a la difusi\u00f3n de este proyecto educativo; y al Diario de \u00c1vila, al que se le otorg\u00f3 la Insignia de Oro del Foro Comunicaci\u00f3n y Escuela por su extraordinaria colaboraci\u00f3n en estos 25 a\u00f1os. Un tiempo en el que 700 escolares de Asturias y \u00c1vila han viajado en los intercambios educativos celebrados, en el que se han realizado encuentros institucionales y actividades culturales, pero, sobre todo, en el que hemos tejido una alianza de amistad entre dos tierras de Espa\u00f1a.<\/p>\n","protected":false},"excerpt":{"rendered":"<p>Hemos vivido dos intensas jornadas en las localidades de Cebreros y Burgohondo para conmemorar los 25 a\u00f1os de la vinculaci\u00f3n \u00c1vila-Asturias a trav\u00e9s de la educaci\u00f3n. Y hemos rendido un &#8230; <a title=\"Emotivo acto en Burgohondo para conmemorar el 25 aniversario de la vinculaci\u00f3n con \u00c1vila\" class=\"read-more\" href=\"https:\/\/www.comunicacionyescuela.es\/2024\/emotivo-acto-en-burgohondo-para-conmemorar-el-25-aniversario-de-la-vinculacion-con-avila\/\" aria-label=\"Leer m\u00e1s sobre Emotivo acto en Burgohondo para conmemorar el 25 aniversario de la vinculaci\u00f3n con \u00c1vila\">Leer m\u00e1s<\/a><\/p>\n","protected":false},"author":2,"featured_media":4806,"comment_status":"closed","ping_status":"closed","sticky":false,"template":"","format":"standard","meta":{"ngg_post_thumbnail":0,"footnotes":""},"categories":[3],"tags":[],"class_list":["post-4805","post","type-post","status-publish","format-standard","has-post-thumbnail","hentry","category-actualidad-del-foro"],"_links":{"self":[{"href":"https:\/\/www.comunicacionyescuela.es\/2024\/wp-json\/wp\/v2\/posts\/4805","targetHints":{"allow":["GET"]}}],"collection":[{"href":"https:\/\/www.comunicacionyescuela.es\/2024\/wp-json\/wp\/v2\/posts"}],"about":[{"href":"https:\/\/www.comunicacionyescuela.es\/2024\/wp-json\/wp\/v2\/types\/post"}],"author":[{"embeddable":true,"href":"https:\/\/www.comunicacionyescuela.es\/2024\/wp-json\/wp\/v2\/users\/2"}],"replies":[{"embeddable":true,"href":"https:\/\/www.comunicacionyescuela.es\/2024\/wp-json\/wp\/v2\/comments?post=4805"}],"version-history":[{"count":1,"href":"https:\/\/www.comunicacionyescuela.es\/2024\/wp-json\/wp\/v2\/posts\/4805\/revisions"}],"predecessor-version":[{"id":4807,"href":"https:\/\/www.comunicacionyescuela.es\/2024\/wp-json\/wp\/v2\/posts\/4805\/revisions\/4807"}],"wp:featuredmedia":[{"embeddable":true,"href":"https:\/\/www.comunicacionyescuela.es\/2024\/wp-json\/wp\/v2\/media\/4806"}],"wp:attachment":[{"href":"https:\/\/www.comunicacionyescuela.es\/2024\/wp-json\/wp\/v2\/media?parent=4805"}],"wp:term":[{"taxonomy":"category","embeddable":true,"href":"https:\/\/www.comunicacionyescuela.es\/2024\/wp-json\/wp\/v2\/categories?post=4805"},{"taxonomy":"post_tag","embeddable":true,"href":"https:\/\/www.comunicacionyescuela.es\/2024\/wp-json\/wp\/v2\/tags?post=4805"}],"curies":[{"name":"wp","href":"https:\/\/api.w.org\/{rel}","templated":true}]}}