{"id":4625,"date":"2024-10-22T19:47:17","date_gmt":"2024-10-22T17:47:17","guid":{"rendered":"https:\/\/www.comunicacionyescuela.es\/2024\/?p=4625"},"modified":"2024-10-22T19:47:19","modified_gmt":"2024-10-22T17:47:19","slug":"el-presidente-del-senado-protagoniza-un-emotivo-acto-en-el-ayuntamiento-de-castropol","status":"publish","type":"post","link":"https:\/\/www.comunicacionyescuela.es\/2024\/el-presidente-del-senado-protagoniza-un-emotivo-acto-en-el-ayuntamiento-de-castropol\/","title":{"rendered":"El presidente del Senado protagoniza un emotivo acto en el Ayuntamiento de Castropol"},"content":{"rendered":"\n<p>Posteriormente a la visita al Club de Mar, Pedro Roll\u00e1n, se ha trasladado al Ayuntamiento de Castropol, donde ha sido recibido por la corporaci\u00f3n local, as\u00ed como por alcaldes de la comarca&nbsp; Oscos-Eo. Durante su intervenci\u00f3n en el Sal\u00f3n de Plenos del consistorio, el presidente del Senado ha mostrado su orgullo por poder estar \u201cen los sitios de verdad\u201d y ha apostado porque las singularidades de los territorios formen parte del conjunto nacional, se \u201credoble as\u00ed el acierto, seamos una gran naci\u00f3n y rememos todos en la misma direcci\u00f3n\u201d.<\/p>\n\n\n\n<p>En otro orden de cosas ha destacado la entrega y dedicaci\u00f3n de aquellos que trabajan en la pol\u00edtica local y que se enfrentan cada d\u00eda a retos y adversidades. \u201cMerece la pena trabajar por y para las tradiciones y apostar por las nuevas oportunidades. Lo m\u00e1s bonito que se puede hacer es trabajar por y para los tuyos\u201d, ha remarcado. Asimismo, Roll\u00e1n, ha defendido que las ayudas que se articulan desde el Principado y los Ministerios est\u00e9n bien dise\u00f1adas, sean accesibles, cumplan con su finalidad y se den las condiciones para un nuevo sistema de financiaci\u00f3n auton\u00f3mico y, en paralelo, un modelo de financiaci\u00f3n local.<\/p>\n\n\n\n<p>Por \u00faltimo, el presidente del Senado, ha firmado en el libro de honor del Ayuntamiento y descubierto una placa conmemorativa de su visita.<\/p>\n","protected":false},"excerpt":{"rendered":"<p>Posteriormente a la visita al Club de Mar, Pedro Roll\u00e1n, se ha trasladado al Ayuntamiento de Castropol, donde ha sido recibido por la corporaci\u00f3n local, as\u00ed como por alcaldes de &#8230; <a title=\"El presidente del Senado protagoniza un emotivo acto en el Ayuntamiento de Castropol\" class=\"read-more\" href=\"https:\/\/www.comunicacionyescuela.es\/2024\/el-presidente-del-senado-protagoniza-un-emotivo-acto-en-el-ayuntamiento-de-castropol\/\" aria-label=\"Leer m\u00e1s sobre El presidente del Senado protagoniza un emotivo acto en el Ayuntamiento de Castropol\">Leer m\u00e1s<\/a><\/p>\n","protected":false},"author":2,"featured_media":4626,"comment_status":"open","ping_status":"closed","sticky":false,"template":"","format":"standard","meta":{"ngg_post_thumbnail":0,"footnotes":""},"categories":[3],"tags":[],"class_list":["post-4625","post","type-post","status-publish","format-standard","has-post-thumbnail","hentry","category-actualidad-del-foro"],"_links":{"self":[{"href":"https:\/\/www.comunicacionyescuela.es\/2024\/wp-json\/wp\/v2\/posts\/4625","targetHints":{"allow":["GET"]}}],"collection":[{"href":"https:\/\/www.comunicacionyescuela.es\/2024\/wp-json\/wp\/v2\/posts"}],"about":[{"href":"https:\/\/www.comunicacionyescuela.es\/2024\/wp-json\/wp\/v2\/types\/post"}],"author":[{"embeddable":true,"href":"https:\/\/www.comunicacionyescuela.es\/2024\/wp-json\/wp\/v2\/users\/2"}],"replies":[{"embeddable":true,"href":"https:\/\/www.comunicacionyescuela.es\/2024\/wp-json\/wp\/v2\/comments?post=4625"}],"version-history":[{"count":1,"href":"https:\/\/www.comunicacionyescuela.es\/2024\/wp-json\/wp\/v2\/posts\/4625\/revisions"}],"predecessor-version":[{"id":4627,"href":"https:\/\/www.comunicacionyescuela.es\/2024\/wp-json\/wp\/v2\/posts\/4625\/revisions\/4627"}],"wp:featuredmedia":[{"embeddable":true,"href":"https:\/\/www.comunicacionyescuela.es\/2024\/wp-json\/wp\/v2\/media\/4626"}],"wp:attachment":[{"href":"https:\/\/www.comunicacionyescuela.es\/2024\/wp-json\/wp\/v2\/media?parent=4625"}],"wp:term":[{"taxonomy":"category","embeddable":true,"href":"https:\/\/www.comunicacionyescuela.es\/2024\/wp-json\/wp\/v2\/categories?post=4625"},{"taxonomy":"post_tag","embeddable":true,"href":"https:\/\/www.comunicacionyescuela.es\/2024\/wp-json\/wp\/v2\/tags?post=4625"}],"curies":[{"name":"wp","href":"https:\/\/api.w.org\/{rel}","templated":true}]}}