{"id":4424,"date":"2024-10-21T19:18:50","date_gmt":"2024-10-21T17:18:50","guid":{"rendered":"https:\/\/www.comunicacionyescuela.es\/2024\/?p=4424"},"modified":"2024-10-21T19:18:52","modified_gmt":"2024-10-21T17:18:52","slug":"intensa-jornada-del-presidente-del-senado-de-espana-en-vegadeo","status":"publish","type":"post","link":"https:\/\/www.comunicacionyescuela.es\/2024\/intensa-jornada-del-presidente-del-senado-de-espana-en-vegadeo\/","title":{"rendered":"Intensa jornada del presidente del Senado de Espa\u00f1a en Vegadeo"},"content":{"rendered":"\n<p>Pedro Roll\u00e1n, presidente del Senado, desarrollar\u00e1 una intensa ma\u00f1ana en Vegadeo con motivo de su visita al occidente de Asturias para participar en los actos del 16 Foro Comunicaci\u00f3n y Escuela. As\u00ed, a las&nbsp; de la ma\u00f1ana ser\u00e1 recibido en el Ayuntamiento de Vegadeo por el Alcalde y Corporaci\u00f3n Municipal, y tras un breve acto institucional en el Sal\u00f3n de Plenos descubrir\u00e1 una placa conmemorativa.<\/p>\n\n\n\n<p>Posteriormente, se desplazar\u00e1 al Instituto de Educaci\u00f3n Secundaria Elisa y Luis Villamil donde visitar\u00e1 la exposici\u00f3n permanente dedicada a la historia del Foro Comunicaci\u00f3n y Escuela, firmar\u00e1 en el libro de honor del Foro en la biblioteca del Centro e impartir\u00e1 la conferencia: \u201cMedio rural en Espa\u00f1a: Retos y oportunidades\u201d, que est\u00e1 dirigida a los alumnos\/as de 1\u00ba y 2\u00ba de Bachillerato.<\/p>\n","protected":false},"excerpt":{"rendered":"<p>Pedro Roll\u00e1n, presidente del Senado, desarrollar\u00e1 una intensa ma\u00f1ana en Vegadeo con motivo de su visita al occidente de Asturias para participar en los actos del 16 Foro Comunicaci\u00f3n y &#8230; <a title=\"Intensa jornada del presidente del Senado de Espa\u00f1a en Vegadeo\" class=\"read-more\" href=\"https:\/\/www.comunicacionyescuela.es\/2024\/intensa-jornada-del-presidente-del-senado-de-espana-en-vegadeo\/\" aria-label=\"Leer m\u00e1s sobre Intensa jornada del presidente del Senado de Espa\u00f1a en Vegadeo\">Leer m\u00e1s<\/a><\/p>\n","protected":false},"author":2,"featured_media":4425,"comment_status":"open","ping_status":"closed","sticky":false,"template":"","format":"standard","meta":{"ngg_post_thumbnail":0,"footnotes":""},"categories":[3],"tags":[],"class_list":["post-4424","post","type-post","status-publish","format-standard","has-post-thumbnail","hentry","category-actualidad-del-foro"],"_links":{"self":[{"href":"https:\/\/www.comunicacionyescuela.es\/2024\/wp-json\/wp\/v2\/posts\/4424","targetHints":{"allow":["GET"]}}],"collection":[{"href":"https:\/\/www.comunicacionyescuela.es\/2024\/wp-json\/wp\/v2\/posts"}],"about":[{"href":"https:\/\/www.comunicacionyescuela.es\/2024\/wp-json\/wp\/v2\/types\/post"}],"author":[{"embeddable":true,"href":"https:\/\/www.comunicacionyescuela.es\/2024\/wp-json\/wp\/v2\/users\/2"}],"replies":[{"embeddable":true,"href":"https:\/\/www.comunicacionyescuela.es\/2024\/wp-json\/wp\/v2\/comments?post=4424"}],"version-history":[{"count":1,"href":"https:\/\/www.comunicacionyescuela.es\/2024\/wp-json\/wp\/v2\/posts\/4424\/revisions"}],"predecessor-version":[{"id":4426,"href":"https:\/\/www.comunicacionyescuela.es\/2024\/wp-json\/wp\/v2\/posts\/4424\/revisions\/4426"}],"wp:featuredmedia":[{"embeddable":true,"href":"https:\/\/www.comunicacionyescuela.es\/2024\/wp-json\/wp\/v2\/media\/4425"}],"wp:attachment":[{"href":"https:\/\/www.comunicacionyescuela.es\/2024\/wp-json\/wp\/v2\/media?parent=4424"}],"wp:term":[{"taxonomy":"category","embeddable":true,"href":"https:\/\/www.comunicacionyescuela.es\/2024\/wp-json\/wp\/v2\/categories?post=4424"},{"taxonomy":"post_tag","embeddable":true,"href":"https:\/\/www.comunicacionyescuela.es\/2024\/wp-json\/wp\/v2\/tags?post=4424"}],"curies":[{"name":"wp","href":"https:\/\/api.w.org\/{rel}","templated":true}]}}