{"id":4418,"date":"2024-10-21T19:14:00","date_gmt":"2024-10-21T17:14:00","guid":{"rendered":"https:\/\/www.comunicacionyescuela.es\/2024\/?p=4418"},"modified":"2024-10-21T19:14:02","modified_gmt":"2024-10-21T17:14:02","slug":"enrique-de-la-rosa-margarita-salas-consiguio-marcar-una-epoca-en-la-investigacion-espanola-y-mundial","status":"publish","type":"post","link":"https:\/\/www.comunicacionyescuela.es\/2024\/enrique-de-la-rosa-margarita-salas-consiguio-marcar-una-epoca-en-la-investigacion-espanola-y-mundial\/","title":{"rendered":"Enrique de la Rosa: \u201cMargarita Salas consigui\u00f3 marcar una \u00e9poca en la investigaci\u00f3n espa\u00f1ola y mundial\u201d"},"content":{"rendered":"\n<p>Todos los cient\u00edficos participantes en la jornada homenaje dedicada a Margarita Salas concluyeron con un coloquio, que tuvo lugar en el Auditorio F\u00e9lix Men\u00e9ndez de la Casa de Cultura de Vegadeo, moderado por el profesor de nuestro IES, Emilio Garc\u00eda. Durante todas sus intervenciones: Margarita del Val, Luis Blanco, Enrique de la Rosa, Ana Mar\u00eda Abril y Jos\u00e9 Miguel Hermoso incidieron en el mensaje que imper\u00f3&nbsp; a lo largo de toda la ma\u00f1ana: la importancia del legado y de los descubrimientos de Margarita Salas y de c\u00f3mo fue capaz, a pesar de los inconvenientes que en su \u00e9poca constitu\u00eda ser mujer en la Ciencia, de llegar a las m\u00e1s altas cotas tanto a nivel nacional como internacional.<\/p>\n\n\n\n<p>Otro de los mensajes que lanzaron al un\u00edsono a los estudiantes de 1\u00ba y 2\u00ba de Educaci\u00f3n Secundaria que los escuchaban es el de la importancia de formarse y de esforzarse, as\u00ed como el hecho de que no tienen por qu\u00e9 renunciar a nada por vivir en el medio rural. Margarita Salas fue un buen ejemplo de ello.<\/p>\n\n\n\n<p>Los alumnos y alumnas formularon numerosas preguntas con las que concluy\u00f3 el acto.<\/p>\n","protected":false},"excerpt":{"rendered":"<p>Todos los cient\u00edficos participantes en la jornada homenaje dedicada a Margarita Salas concluyeron con un coloquio, que tuvo lugar en el Auditorio F\u00e9lix Men\u00e9ndez de la Casa de Cultura de &#8230; <a title=\"Enrique de la Rosa: \u201cMargarita Salas consigui\u00f3 marcar una \u00e9poca en la investigaci\u00f3n espa\u00f1ola y mundial\u201d\" class=\"read-more\" href=\"https:\/\/www.comunicacionyescuela.es\/2024\/enrique-de-la-rosa-margarita-salas-consiguio-marcar-una-epoca-en-la-investigacion-espanola-y-mundial\/\" aria-label=\"Leer m\u00e1s sobre Enrique de la Rosa: \u201cMargarita Salas consigui\u00f3 marcar una \u00e9poca en la investigaci\u00f3n espa\u00f1ola y mundial\u201d\">Leer m\u00e1s<\/a><\/p>\n","protected":false},"author":2,"featured_media":4419,"comment_status":"open","ping_status":"closed","sticky":false,"template":"","format":"standard","meta":{"ngg_post_thumbnail":0,"footnotes":""},"categories":[3],"tags":[],"class_list":["post-4418","post","type-post","status-publish","format-standard","has-post-thumbnail","hentry","category-actualidad-del-foro"],"_links":{"self":[{"href":"https:\/\/www.comunicacionyescuela.es\/2024\/wp-json\/wp\/v2\/posts\/4418","targetHints":{"allow":["GET"]}}],"collection":[{"href":"https:\/\/www.comunicacionyescuela.es\/2024\/wp-json\/wp\/v2\/posts"}],"about":[{"href":"https:\/\/www.comunicacionyescuela.es\/2024\/wp-json\/wp\/v2\/types\/post"}],"author":[{"embeddable":true,"href":"https:\/\/www.comunicacionyescuela.es\/2024\/wp-json\/wp\/v2\/users\/2"}],"replies":[{"embeddable":true,"href":"https:\/\/www.comunicacionyescuela.es\/2024\/wp-json\/wp\/v2\/comments?post=4418"}],"version-history":[{"count":1,"href":"https:\/\/www.comunicacionyescuela.es\/2024\/wp-json\/wp\/v2\/posts\/4418\/revisions"}],"predecessor-version":[{"id":4420,"href":"https:\/\/www.comunicacionyescuela.es\/2024\/wp-json\/wp\/v2\/posts\/4418\/revisions\/4420"}],"wp:featuredmedia":[{"embeddable":true,"href":"https:\/\/www.comunicacionyescuela.es\/2024\/wp-json\/wp\/v2\/media\/4419"}],"wp:attachment":[{"href":"https:\/\/www.comunicacionyescuela.es\/2024\/wp-json\/wp\/v2\/media?parent=4418"}],"wp:term":[{"taxonomy":"category","embeddable":true,"href":"https:\/\/www.comunicacionyescuela.es\/2024\/wp-json\/wp\/v2\/categories?post=4418"},{"taxonomy":"post_tag","embeddable":true,"href":"https:\/\/www.comunicacionyescuela.es\/2024\/wp-json\/wp\/v2\/tags?post=4418"}],"curies":[{"name":"wp","href":"https:\/\/api.w.org\/{rel}","templated":true}]}}