{"id":4412,"date":"2024-10-21T19:09:21","date_gmt":"2024-10-21T17:09:21","guid":{"rendered":"https:\/\/www.comunicacionyescuela.es\/2024\/?p=4412"},"modified":"2024-10-21T19:09:23","modified_gmt":"2024-10-21T17:09:23","slug":"exito-de-las-conferencias-simultaneas-en-cinco-centros-de-secundaria-del-noroccidente","status":"publish","type":"post","link":"https:\/\/www.comunicacionyescuela.es\/2024\/exito-de-las-conferencias-simultaneas-en-cinco-centros-de-secundaria-del-noroccidente\/","title":{"rendered":"\u00c9xito de las conferencias simult\u00e1neas en cinco centros de Secundaria del noroccidente"},"content":{"rendered":"\n<p>La jornada homenaje a Margarita Salas propici\u00f3 la conferencia de cinco cient\u00edficos vinculados a la investigadora que se desplazaron a las cinco localidades que disponen de centro de secundaria en su territorio. As\u00ed la investigadora se Ana Mar\u00eda Abril se desplaz\u00f3 a Luarca, Jos\u00e9 Miguel Hermoso a Boal, Margarita del Val a Navia, Luis Blanco a Tapia de Casariego y Enrique J. de la Rosa imparti\u00f3 la conferencia en Vegadeo.<\/p>\n\n\n\n<p>Cabe destacar la excelente acogida que las diversas conferencias tuvieron por parte del alumnado de los diferentes centros educativos, as\u00ed como el alto grado de satisfacci\u00f3n de los investigadores tanto por el trato recibido en los centros, como por el inter\u00e9s mostrado por el alumnado.<\/p>\n","protected":false},"excerpt":{"rendered":"<p>La jornada homenaje a Margarita Salas propici\u00f3 la conferencia de cinco cient\u00edficos vinculados a la investigadora que se desplazaron a las cinco localidades que disponen de centro de secundaria en &#8230; <a title=\"\u00c9xito de las conferencias simult\u00e1neas en cinco centros de Secundaria del noroccidente\" class=\"read-more\" href=\"https:\/\/www.comunicacionyescuela.es\/2024\/exito-de-las-conferencias-simultaneas-en-cinco-centros-de-secundaria-del-noroccidente\/\" aria-label=\"Leer m\u00e1s sobre \u00c9xito de las conferencias simult\u00e1neas en cinco centros de Secundaria del noroccidente\">Leer m\u00e1s<\/a><\/p>\n","protected":false},"author":2,"featured_media":4413,"comment_status":"open","ping_status":"closed","sticky":false,"template":"","format":"standard","meta":{"ngg_post_thumbnail":0,"footnotes":""},"categories":[3],"tags":[],"class_list":["post-4412","post","type-post","status-publish","format-standard","has-post-thumbnail","hentry","category-actualidad-del-foro"],"_links":{"self":[{"href":"https:\/\/www.comunicacionyescuela.es\/2024\/wp-json\/wp\/v2\/posts\/4412","targetHints":{"allow":["GET"]}}],"collection":[{"href":"https:\/\/www.comunicacionyescuela.es\/2024\/wp-json\/wp\/v2\/posts"}],"about":[{"href":"https:\/\/www.comunicacionyescuela.es\/2024\/wp-json\/wp\/v2\/types\/post"}],"author":[{"embeddable":true,"href":"https:\/\/www.comunicacionyescuela.es\/2024\/wp-json\/wp\/v2\/users\/2"}],"replies":[{"embeddable":true,"href":"https:\/\/www.comunicacionyescuela.es\/2024\/wp-json\/wp\/v2\/comments?post=4412"}],"version-history":[{"count":1,"href":"https:\/\/www.comunicacionyescuela.es\/2024\/wp-json\/wp\/v2\/posts\/4412\/revisions"}],"predecessor-version":[{"id":4414,"href":"https:\/\/www.comunicacionyescuela.es\/2024\/wp-json\/wp\/v2\/posts\/4412\/revisions\/4414"}],"wp:featuredmedia":[{"embeddable":true,"href":"https:\/\/www.comunicacionyescuela.es\/2024\/wp-json\/wp\/v2\/media\/4413"}],"wp:attachment":[{"href":"https:\/\/www.comunicacionyescuela.es\/2024\/wp-json\/wp\/v2\/media?parent=4412"}],"wp:term":[{"taxonomy":"category","embeddable":true,"href":"https:\/\/www.comunicacionyescuela.es\/2024\/wp-json\/wp\/v2\/categories?post=4412"},{"taxonomy":"post_tag","embeddable":true,"href":"https:\/\/www.comunicacionyescuela.es\/2024\/wp-json\/wp\/v2\/tags?post=4412"}],"curies":[{"name":"wp","href":"https:\/\/api.w.org\/{rel}","templated":true}]}}