{"id":4353,"date":"2024-10-15T19:17:17","date_gmt":"2024-10-15T17:17:17","guid":{"rendered":"https:\/\/www.comunicacionyescuela.es\/2024\/?p=4353"},"modified":"2024-10-15T19:17:19","modified_gmt":"2024-10-15T17:17:19","slug":"homenaje-a-margarita-salas-un-coloquio-sobre-el-legado-de-margarita-salas-cierra-la-jornada-de-reconocimiento-a-la-investigadora","status":"publish","type":"post","link":"https:\/\/www.comunicacionyescuela.es\/2024\/homenaje-a-margarita-salas-un-coloquio-sobre-el-legado-de-margarita-salas-cierra-la-jornada-de-reconocimiento-a-la-investigadora\/","title":{"rendered":"Homenaje a Margarita Salas. Un coloquio sobre el legado de Margarita Salas cierra la jornada de reconocimiento a la investigadora"},"content":{"rendered":"\n<p>Un coloquio sobre el legado de la labor investigadora de Margarita Salas, dirigido a los alumnos\/as de 1\u00ba y 2\u00ba de Educaci\u00f3n Secundaria del IES Elisa y Luis Villamil, culminar\u00e1 los actos de homenaje a la cient\u00edfica valdesana. Este coloquio lleva por t\u00edtulo \u201cMargarita Salas: El desaf\u00edo de despertar vocaciones cient\u00edficas en el medio rural\u201d, y en \u00e9l participar\u00e1n los cient\u00edficos: Margarita del Val, Ana Mar\u00eda Abril, Luis Blanco, Jos\u00e9 Miguel Hermoso y Enrique J. de la Rosa. Adem\u00e1s, asistir\u00e1 Luc\u00eda Vi\u00f1uela Salas, hija de Margarita Salas y presidenta de la fundaci\u00f3n que lleva el nombre de la cient\u00edfica.<\/p>\n\n\n\n<p>Este coloquio se desarrollar\u00e1 en el Auditorio F\u00e9lix Men\u00e9ndez de la Casa de Cultura de Vegadeo. Finalizado el mismo todos los participantes ser\u00e1n recibidos en el Ayuntamiento de Vegadeo.<\/p>\n","protected":false},"excerpt":{"rendered":"<p>Un coloquio sobre el legado de la labor investigadora de Margarita Salas, dirigido a los alumnos\/as de 1\u00ba y 2\u00ba de Educaci\u00f3n Secundaria del IES Elisa y Luis Villamil, culminar\u00e1 &#8230; <a title=\"Homenaje a Margarita Salas. Un coloquio sobre el legado de Margarita Salas cierra la jornada de reconocimiento a la investigadora\" class=\"read-more\" href=\"https:\/\/www.comunicacionyescuela.es\/2024\/homenaje-a-margarita-salas-un-coloquio-sobre-el-legado-de-margarita-salas-cierra-la-jornada-de-reconocimiento-a-la-investigadora\/\" aria-label=\"Leer m\u00e1s sobre Homenaje a Margarita Salas. Un coloquio sobre el legado de Margarita Salas cierra la jornada de reconocimiento a la investigadora\">Leer m\u00e1s<\/a><\/p>\n","protected":false},"author":2,"featured_media":4354,"comment_status":"open","ping_status":"closed","sticky":false,"template":"","format":"standard","meta":{"ngg_post_thumbnail":0,"footnotes":""},"categories":[3],"tags":[],"class_list":["post-4353","post","type-post","status-publish","format-standard","has-post-thumbnail","hentry","category-actualidad-del-foro"],"_links":{"self":[{"href":"https:\/\/www.comunicacionyescuela.es\/2024\/wp-json\/wp\/v2\/posts\/4353","targetHints":{"allow":["GET"]}}],"collection":[{"href":"https:\/\/www.comunicacionyescuela.es\/2024\/wp-json\/wp\/v2\/posts"}],"about":[{"href":"https:\/\/www.comunicacionyescuela.es\/2024\/wp-json\/wp\/v2\/types\/post"}],"author":[{"embeddable":true,"href":"https:\/\/www.comunicacionyescuela.es\/2024\/wp-json\/wp\/v2\/users\/2"}],"replies":[{"embeddable":true,"href":"https:\/\/www.comunicacionyescuela.es\/2024\/wp-json\/wp\/v2\/comments?post=4353"}],"version-history":[{"count":1,"href":"https:\/\/www.comunicacionyescuela.es\/2024\/wp-json\/wp\/v2\/posts\/4353\/revisions"}],"predecessor-version":[{"id":4355,"href":"https:\/\/www.comunicacionyescuela.es\/2024\/wp-json\/wp\/v2\/posts\/4353\/revisions\/4355"}],"wp:featuredmedia":[{"embeddable":true,"href":"https:\/\/www.comunicacionyescuela.es\/2024\/wp-json\/wp\/v2\/media\/4354"}],"wp:attachment":[{"href":"https:\/\/www.comunicacionyescuela.es\/2024\/wp-json\/wp\/v2\/media?parent=4353"}],"wp:term":[{"taxonomy":"category","embeddable":true,"href":"https:\/\/www.comunicacionyescuela.es\/2024\/wp-json\/wp\/v2\/categories?post=4353"},{"taxonomy":"post_tag","embeddable":true,"href":"https:\/\/www.comunicacionyescuela.es\/2024\/wp-json\/wp\/v2\/tags?post=4353"}],"curies":[{"name":"wp","href":"https:\/\/api.w.org\/{rel}","templated":true}]}}