{"id":4293,"date":"2024-10-09T20:01:30","date_gmt":"2024-10-09T18:01:30","guid":{"rendered":"https:\/\/www.comunicacionyescuela.es\/2024\/?p=4293"},"modified":"2024-10-09T20:01:31","modified_gmt":"2024-10-09T18:01:31","slug":"el-alcalde-de-oviedo-recibe-a-los-alumnos-as-de-vegadeo-en-el-ayuntamiento","status":"publish","type":"post","link":"https:\/\/www.comunicacionyescuela.es\/2024\/el-alcalde-de-oviedo-recibe-a-los-alumnos-as-de-vegadeo-en-el-ayuntamiento\/","title":{"rendered":"El alcalde de Oviedo recibe a los alumnos\/as de Vegadeo en el Ayuntamiento"},"content":{"rendered":"\n<p>El alcalde de Oviedo, Alfredo Canteli, recibi\u00f3 en el sal\u00f3n de plenos del Ayuntamiento de Oviedo a los alumnos\/as y profesores\/as del IES Elisa y Luis Villamil que hab\u00eda participado previamente en la conferencia del cronista oficial de Vegadeo en el RIDEA. <\/p>\n\n\n\n<p>Durante su intervenci\u00f3n ante los estudiantes el Alcalde les dio la bienvenida a la ciudad y les expres\u00f3 su afecto por esta visita. En este acto estuvo acompa\u00f1ado por el concejal, Jos\u00e9 Ram\u00f3n Prado. Posteriormente, y por invitaci\u00f3n del Ayuntamiento de Oviedo, toda la delegaci\u00f3n veigue\u00f1a disfrut\u00f3 de un almuerzo en la capital y de una visita guiada a la zona centro de la ciudad.<\/p>\n","protected":false},"excerpt":{"rendered":"<p>El alcalde de Oviedo, Alfredo Canteli, recibi\u00f3 en el sal\u00f3n de plenos del Ayuntamiento de Oviedo a los alumnos\/as y profesores\/as del IES Elisa y Luis Villamil que hab\u00eda participado &#8230; <a title=\"El alcalde de Oviedo recibe a los alumnos\/as de Vegadeo en el Ayuntamiento\" class=\"read-more\" href=\"https:\/\/www.comunicacionyescuela.es\/2024\/el-alcalde-de-oviedo-recibe-a-los-alumnos-as-de-vegadeo-en-el-ayuntamiento\/\" aria-label=\"Leer m\u00e1s sobre El alcalde de Oviedo recibe a los alumnos\/as de Vegadeo en el Ayuntamiento\">Leer m\u00e1s<\/a><\/p>\n","protected":false},"author":2,"featured_media":4294,"comment_status":"open","ping_status":"closed","sticky":false,"template":"","format":"standard","meta":{"ngg_post_thumbnail":0,"footnotes":""},"categories":[3],"tags":[],"class_list":["post-4293","post","type-post","status-publish","format-standard","has-post-thumbnail","hentry","category-actualidad-del-foro"],"_links":{"self":[{"href":"https:\/\/www.comunicacionyescuela.es\/2024\/wp-json\/wp\/v2\/posts\/4293","targetHints":{"allow":["GET"]}}],"collection":[{"href":"https:\/\/www.comunicacionyescuela.es\/2024\/wp-json\/wp\/v2\/posts"}],"about":[{"href":"https:\/\/www.comunicacionyescuela.es\/2024\/wp-json\/wp\/v2\/types\/post"}],"author":[{"embeddable":true,"href":"https:\/\/www.comunicacionyescuela.es\/2024\/wp-json\/wp\/v2\/users\/2"}],"replies":[{"embeddable":true,"href":"https:\/\/www.comunicacionyescuela.es\/2024\/wp-json\/wp\/v2\/comments?post=4293"}],"version-history":[{"count":1,"href":"https:\/\/www.comunicacionyescuela.es\/2024\/wp-json\/wp\/v2\/posts\/4293\/revisions"}],"predecessor-version":[{"id":4295,"href":"https:\/\/www.comunicacionyescuela.es\/2024\/wp-json\/wp\/v2\/posts\/4293\/revisions\/4295"}],"wp:featuredmedia":[{"embeddable":true,"href":"https:\/\/www.comunicacionyescuela.es\/2024\/wp-json\/wp\/v2\/media\/4294"}],"wp:attachment":[{"href":"https:\/\/www.comunicacionyescuela.es\/2024\/wp-json\/wp\/v2\/media?parent=4293"}],"wp:term":[{"taxonomy":"category","embeddable":true,"href":"https:\/\/www.comunicacionyescuela.es\/2024\/wp-json\/wp\/v2\/categories?post=4293"},{"taxonomy":"post_tag","embeddable":true,"href":"https:\/\/www.comunicacionyescuela.es\/2024\/wp-json\/wp\/v2\/tags?post=4293"}],"curies":[{"name":"wp","href":"https:\/\/api.w.org\/{rel}","templated":true}]}}