{"id":4290,"date":"2024-10-09T19:59:22","date_gmt":"2024-10-09T17:59:22","guid":{"rendered":"https:\/\/www.comunicacionyescuela.es\/2024\/?p=4290"},"modified":"2024-10-09T19:59:23","modified_gmt":"2024-10-09T17:59:23","slug":"luis-casteleiro-imparte-una-extraordinaria-conferencia-en-el-real-instituto-de-estudios-asturianos","status":"publish","type":"post","link":"https:\/\/www.comunicacionyescuela.es\/2024\/luis-casteleiro-imparte-una-extraordinaria-conferencia-en-el-real-instituto-de-estudios-asturianos\/","title":{"rendered":"Luis Casteleiro imparte una extraordinaria conferencia en el Real Instituto de Estudios Asturianos"},"content":{"rendered":"\n<p>El cronista oficial de Vegadeo y miembro del Real Instituto de Estudios Asturianos (RIDEA), Luis Casteleiro Oliveros,&nbsp; pronunci\u00f3 la conferencia titulada \u201cVegadeo: nombres con historia, historia de sus nombres\u201d que estuvo dirigida a los alumnos\/as de 4\u00ba de Educaci\u00f3n Secundaria del IES Elisa y Luis Villamil. En este acto estuvo acompa\u00f1ado por el director del RIDEA, Ram\u00f3n Rodr\u00edguez, y por la jefa de estudios del IES de Vegadeo, Eva P\u00e9rez. Tambi\u00e9n estuvieron presentes los profesores V\u00edctor Manuel D\u00edaz y M\u00f3nica Loza. Esta conferencia ten\u00eda como objetivo, adem\u00e1s de que los estudiantes conocieran el RIDEA y su labor, acercarles al conocimiento de lo que hay detr\u00e1s de la historia que encierra el nombre de cada placa que vemos colocadas en los diferentes espacios del concejo de Vegadeo. Asimismo, Luis Casteleiro, cont\u00f3 numerosas an\u00e9cdotas en torno a estos nombres e hizo hincapi\u00e9 en la baja presencia de nombres de mujer en las mismas.<\/p>\n\n\n\n<p>Finalizada la conferencia, los alumnos\/as formularon numerosas preguntas en el coloquio que tuvo lugar a continuaci\u00f3n.<\/p>\n","protected":false},"excerpt":{"rendered":"<p>El cronista oficial de Vegadeo y miembro del Real Instituto de Estudios Asturianos (RIDEA), Luis Casteleiro Oliveros,&nbsp; pronunci\u00f3 la conferencia titulada \u201cVegadeo: nombres con historia, historia de sus nombres\u201d que &#8230; <a title=\"Luis Casteleiro imparte una extraordinaria conferencia en el Real Instituto de Estudios Asturianos\" class=\"read-more\" href=\"https:\/\/www.comunicacionyescuela.es\/2024\/luis-casteleiro-imparte-una-extraordinaria-conferencia-en-el-real-instituto-de-estudios-asturianos\/\" aria-label=\"Leer m\u00e1s sobre Luis Casteleiro imparte una extraordinaria conferencia en el Real Instituto de Estudios Asturianos\">Leer m\u00e1s<\/a><\/p>\n","protected":false},"author":2,"featured_media":4291,"comment_status":"open","ping_status":"closed","sticky":false,"template":"","format":"standard","meta":{"ngg_post_thumbnail":0,"footnotes":""},"categories":[3],"tags":[],"class_list":["post-4290","post","type-post","status-publish","format-standard","has-post-thumbnail","hentry","category-actualidad-del-foro"],"_links":{"self":[{"href":"https:\/\/www.comunicacionyescuela.es\/2024\/wp-json\/wp\/v2\/posts\/4290","targetHints":{"allow":["GET"]}}],"collection":[{"href":"https:\/\/www.comunicacionyescuela.es\/2024\/wp-json\/wp\/v2\/posts"}],"about":[{"href":"https:\/\/www.comunicacionyescuela.es\/2024\/wp-json\/wp\/v2\/types\/post"}],"author":[{"embeddable":true,"href":"https:\/\/www.comunicacionyescuela.es\/2024\/wp-json\/wp\/v2\/users\/2"}],"replies":[{"embeddable":true,"href":"https:\/\/www.comunicacionyescuela.es\/2024\/wp-json\/wp\/v2\/comments?post=4290"}],"version-history":[{"count":1,"href":"https:\/\/www.comunicacionyescuela.es\/2024\/wp-json\/wp\/v2\/posts\/4290\/revisions"}],"predecessor-version":[{"id":4292,"href":"https:\/\/www.comunicacionyescuela.es\/2024\/wp-json\/wp\/v2\/posts\/4290\/revisions\/4292"}],"wp:featuredmedia":[{"embeddable":true,"href":"https:\/\/www.comunicacionyescuela.es\/2024\/wp-json\/wp\/v2\/media\/4291"}],"wp:attachment":[{"href":"https:\/\/www.comunicacionyescuela.es\/2024\/wp-json\/wp\/v2\/media?parent=4290"}],"wp:term":[{"taxonomy":"category","embeddable":true,"href":"https:\/\/www.comunicacionyescuela.es\/2024\/wp-json\/wp\/v2\/categories?post=4290"},{"taxonomy":"post_tag","embeddable":true,"href":"https:\/\/www.comunicacionyescuela.es\/2024\/wp-json\/wp\/v2\/tags?post=4290"}],"curies":[{"name":"wp","href":"https:\/\/api.w.org\/{rel}","templated":true}]}}