{"id":4284,"date":"2024-10-09T19:55:36","date_gmt":"2024-10-09T17:55:36","guid":{"rendered":"https:\/\/www.comunicacionyescuela.es\/2024\/?p=4284"},"modified":"2024-10-09T19:55:37","modified_gmt":"2024-10-09T17:55:37","slug":"el-medico-lopez-acuna-presenta-su-libro-de-poemas-en-la-biblioteca-de-castropol","status":"publish","type":"post","link":"https:\/\/www.comunicacionyescuela.es\/2024\/el-medico-lopez-acuna-presenta-su-libro-de-poemas-en-la-biblioteca-de-castropol\/","title":{"rendered":"El m\u00e9dico L\u00f3pez Acu\u00f1a presenta su libro de poemas en la Biblioteca de Castropol"},"content":{"rendered":"\n<p>En un intenso acto literario el reconocido m\u00e9dico y epidemi\u00f3logo, Daniel L\u00f3pez Acu\u00f1a, present\u00f3 en la Biblioteca de Castropol su libro de poemas <em>Centinela del viento. <\/em>Este libro recoge la experiencia del autor durante cuarenta a\u00f1os y constituye su segundo poemario. Seg\u00fan sus propias palabras, L\u00f3pez Acu\u00f1a, pretende dar a conocer c\u00f3mo los diferentes vientos que \u00e9l considera vitales provocan diferentes sensaciones y tambi\u00e9n emociones que van entrelaz\u00e1ndose.<\/p>\n\n\n\n<p>Durante el acto recit\u00f3 numerosos poemas pertenecientes a cada una de las partes en las que se estructura la obra.<\/p>\n","protected":false},"excerpt":{"rendered":"<p>En un intenso acto literario el reconocido m\u00e9dico y epidemi\u00f3logo, Daniel L\u00f3pez Acu\u00f1a, present\u00f3 en la Biblioteca de Castropol su libro de poemas Centinela del viento. Este libro recoge la &#8230; <a title=\"El m\u00e9dico L\u00f3pez Acu\u00f1a presenta su libro de poemas en la Biblioteca de Castropol\" class=\"read-more\" href=\"https:\/\/www.comunicacionyescuela.es\/2024\/el-medico-lopez-acuna-presenta-su-libro-de-poemas-en-la-biblioteca-de-castropol\/\" aria-label=\"Leer m\u00e1s sobre El m\u00e9dico L\u00f3pez Acu\u00f1a presenta su libro de poemas en la Biblioteca de Castropol\">Leer m\u00e1s<\/a><\/p>\n","protected":false},"author":2,"featured_media":4285,"comment_status":"open","ping_status":"closed","sticky":false,"template":"","format":"standard","meta":{"ngg_post_thumbnail":0,"footnotes":""},"categories":[3],"tags":[],"class_list":["post-4284","post","type-post","status-publish","format-standard","has-post-thumbnail","hentry","category-actualidad-del-foro"],"_links":{"self":[{"href":"https:\/\/www.comunicacionyescuela.es\/2024\/wp-json\/wp\/v2\/posts\/4284","targetHints":{"allow":["GET"]}}],"collection":[{"href":"https:\/\/www.comunicacionyescuela.es\/2024\/wp-json\/wp\/v2\/posts"}],"about":[{"href":"https:\/\/www.comunicacionyescuela.es\/2024\/wp-json\/wp\/v2\/types\/post"}],"author":[{"embeddable":true,"href":"https:\/\/www.comunicacionyescuela.es\/2024\/wp-json\/wp\/v2\/users\/2"}],"replies":[{"embeddable":true,"href":"https:\/\/www.comunicacionyescuela.es\/2024\/wp-json\/wp\/v2\/comments?post=4284"}],"version-history":[{"count":1,"href":"https:\/\/www.comunicacionyescuela.es\/2024\/wp-json\/wp\/v2\/posts\/4284\/revisions"}],"predecessor-version":[{"id":4286,"href":"https:\/\/www.comunicacionyescuela.es\/2024\/wp-json\/wp\/v2\/posts\/4284\/revisions\/4286"}],"wp:featuredmedia":[{"embeddable":true,"href":"https:\/\/www.comunicacionyescuela.es\/2024\/wp-json\/wp\/v2\/media\/4285"}],"wp:attachment":[{"href":"https:\/\/www.comunicacionyescuela.es\/2024\/wp-json\/wp\/v2\/media?parent=4284"}],"wp:term":[{"taxonomy":"category","embeddable":true,"href":"https:\/\/www.comunicacionyescuela.es\/2024\/wp-json\/wp\/v2\/categories?post=4284"},{"taxonomy":"post_tag","embeddable":true,"href":"https:\/\/www.comunicacionyescuela.es\/2024\/wp-json\/wp\/v2\/tags?post=4284"}],"curies":[{"name":"wp","href":"https:\/\/api.w.org\/{rel}","templated":true}]}}