{"id":3402,"date":"2024-10-02T19:32:00","date_gmt":"2024-10-02T17:32:00","guid":{"rendered":"https:\/\/www.comunicacionyescuela.es\/2024\/?p=3402"},"modified":"2024-10-02T19:32:02","modified_gmt":"2024-10-02T17:32:02","slug":"el-laboratorio-subterraneo-de-canfranc-se-desplaza-a-vegadeo","status":"publish","type":"post","link":"https:\/\/www.comunicacionyescuela.es\/2024\/el-laboratorio-subterraneo-de-canfranc-se-desplaza-a-vegadeo\/","title":{"rendered":"El Laboratorio Subterr\u00e1neo de Canfranc se desplaza a Vegadeo"},"content":{"rendered":"\n<p>Los cient\u00edficos Pipo Bayo y Beatriz Hern\u00e1ndez, ambos pertenecientes al Laboratorio Subterr\u00e1neo de Canfranc (Huesca) participar\u00e1n en Vegadeo en una jornada cient\u00edfica dirigida a los estudiantes de los institutos de Luarca, Navia, Vegadeo, Boal y Tapia de Casariego que hace dos a\u00f1os se desplazaron a Canfranc para participar en un pionero programa para fomentar las vocaciones cient\u00edficas en el medio rural.<\/p>\n\n\n\n<p>Se desarrollar\u00e1 a las 10 de la ma\u00f1ana la conferencia que lleva por t\u00edtulo \u201cEl origen de la materia\u201d y, posteriormente, a las 11,30, se llevar\u00e1 a cabo la situaci\u00f3n de aprendizaje \u201cMidiendo la radioactividad con el Laboratorio Subterr\u00e1neo de Canfranc.<\/p>\n\n\n\n<p>Estaba prevista la presencia tambi\u00e9n del director del Laboratorio, Carlos Pe\u00f1a Garay,&nbsp; que se hab\u00eda comprometido a ello, pero que al final no se desplazar\u00e1 a Vegadeo.<\/p>\n\n\n\n<p>Ser\u00e1 el pr\u00f3ximo jueves, 3 de octubre.<\/p>\n","protected":false},"excerpt":{"rendered":"<p>Los cient\u00edficos Pipo Bayo y Beatriz Hern\u00e1ndez, ambos pertenecientes al Laboratorio Subterr\u00e1neo de Canfranc (Huesca) participar\u00e1n en Vegadeo en una jornada cient\u00edfica dirigida a los estudiantes de los institutos de &#8230; <a title=\"El Laboratorio Subterr\u00e1neo de Canfranc se desplaza a Vegadeo\" class=\"read-more\" href=\"https:\/\/www.comunicacionyescuela.es\/2024\/el-laboratorio-subterraneo-de-canfranc-se-desplaza-a-vegadeo\/\" aria-label=\"Leer m\u00e1s sobre El Laboratorio Subterr\u00e1neo de Canfranc se desplaza a Vegadeo\">Leer m\u00e1s<\/a><\/p>\n","protected":false},"author":2,"featured_media":3403,"comment_status":"open","ping_status":"closed","sticky":false,"template":"","format":"standard","meta":{"ngg_post_thumbnail":0,"footnotes":""},"categories":[3],"tags":[],"class_list":["post-3402","post","type-post","status-publish","format-standard","has-post-thumbnail","hentry","category-actualidad-del-foro"],"_links":{"self":[{"href":"https:\/\/www.comunicacionyescuela.es\/2024\/wp-json\/wp\/v2\/posts\/3402","targetHints":{"allow":["GET"]}}],"collection":[{"href":"https:\/\/www.comunicacionyescuela.es\/2024\/wp-json\/wp\/v2\/posts"}],"about":[{"href":"https:\/\/www.comunicacionyescuela.es\/2024\/wp-json\/wp\/v2\/types\/post"}],"author":[{"embeddable":true,"href":"https:\/\/www.comunicacionyescuela.es\/2024\/wp-json\/wp\/v2\/users\/2"}],"replies":[{"embeddable":true,"href":"https:\/\/www.comunicacionyescuela.es\/2024\/wp-json\/wp\/v2\/comments?post=3402"}],"version-history":[{"count":1,"href":"https:\/\/www.comunicacionyescuela.es\/2024\/wp-json\/wp\/v2\/posts\/3402\/revisions"}],"predecessor-version":[{"id":3404,"href":"https:\/\/www.comunicacionyescuela.es\/2024\/wp-json\/wp\/v2\/posts\/3402\/revisions\/3404"}],"wp:featuredmedia":[{"embeddable":true,"href":"https:\/\/www.comunicacionyescuela.es\/2024\/wp-json\/wp\/v2\/media\/3403"}],"wp:attachment":[{"href":"https:\/\/www.comunicacionyescuela.es\/2024\/wp-json\/wp\/v2\/media?parent=3402"}],"wp:term":[{"taxonomy":"category","embeddable":true,"href":"https:\/\/www.comunicacionyescuela.es\/2024\/wp-json\/wp\/v2\/categories?post=3402"},{"taxonomy":"post_tag","embeddable":true,"href":"https:\/\/www.comunicacionyescuela.es\/2024\/wp-json\/wp\/v2\/tags?post=3402"}],"curies":[{"name":"wp","href":"https:\/\/api.w.org\/{rel}","templated":true}]}}