{"id":3381,"date":"2024-10-02T19:17:38","date_gmt":"2024-10-02T17:17:38","guid":{"rendered":"https:\/\/www.comunicacionyescuela.es\/2024\/?p=3381"},"modified":"2024-10-02T19:17:40","modified_gmt":"2024-10-02T17:17:40","slug":"viaje-madrid-burgos-emotivo-encuentro-con-francisco-rodriguez-y-juan-rodriguez","status":"publish","type":"post","link":"https:\/\/www.comunicacionyescuela.es\/2024\/viaje-madrid-burgos-emotivo-encuentro-con-francisco-rodriguez-y-juan-rodriguez\/","title":{"rendered":"Viaje Madrid- Burgos. Emotivo encuentro con Francisco Rodr\u00edguez y Juan Rodr\u00edguez"},"content":{"rendered":"\n<p>De profundamente emotivo podemos calificar el encuentro celebrado en Madrid entre el presidente de la Fundaci\u00f3n Reny Picot, Francisco Rodr\u00edguez, y el vicepresidente, Juan Rodr\u00edguez, con los 38 alumnos\/as de Bachillerato del IES Elisa y Luis Villamil que participaban en esta \u201csituaci\u00f3n de aprendizaje\u201d que constitu\u00eda esta salida a Madrid y Burgos, financiada \u00edntegramente por la Fundaci\u00f3n Reny Picot. Al finalizar la cena que se desarroll\u00f3 en un restaurante de la capital se hizo entrega a Francisco Rodr\u00edguez de una placa conmemorativa de este viaje. Intervinieron la alumna, Claudia Sarmiento, los profesores Emilio Garc\u00eda y Pilar Fern\u00e1ndez, as\u00ed como el coordinador del Foro, Luis Felipe Fern\u00e1ndez. Posteriormente, lo hicieron Juan Rodr\u00edguez y Francisco Rodr\u00edguez, los cuales reiteraron el compromiso de la Fundaci\u00f3n Reny Picot con este proyecto educativo. Es de resaltar que Reny Picot viene apoyado decididamente el Foro Comunicaci\u00f3n y Escuela desde su inicio en el a\u00f1o 2009.<\/p>\n","protected":false},"excerpt":{"rendered":"<p>De profundamente emotivo podemos calificar el encuentro celebrado en Madrid entre el presidente de la Fundaci\u00f3n Reny Picot, Francisco Rodr\u00edguez, y el vicepresidente, Juan Rodr\u00edguez, con los 38 alumnos\/as de &#8230; <a title=\"Viaje Madrid- Burgos. Emotivo encuentro con Francisco Rodr\u00edguez y Juan Rodr\u00edguez\" class=\"read-more\" href=\"https:\/\/www.comunicacionyescuela.es\/2024\/viaje-madrid-burgos-emotivo-encuentro-con-francisco-rodriguez-y-juan-rodriguez\/\" aria-label=\"Leer m\u00e1s sobre Viaje Madrid- Burgos. Emotivo encuentro con Francisco Rodr\u00edguez y Juan Rodr\u00edguez\">Leer m\u00e1s<\/a><\/p>\n","protected":false},"author":2,"featured_media":3382,"comment_status":"open","ping_status":"closed","sticky":false,"template":"","format":"standard","meta":{"ngg_post_thumbnail":0,"footnotes":""},"categories":[3],"tags":[],"class_list":["post-3381","post","type-post","status-publish","format-standard","has-post-thumbnail","hentry","category-actualidad-del-foro"],"_links":{"self":[{"href":"https:\/\/www.comunicacionyescuela.es\/2024\/wp-json\/wp\/v2\/posts\/3381","targetHints":{"allow":["GET"]}}],"collection":[{"href":"https:\/\/www.comunicacionyescuela.es\/2024\/wp-json\/wp\/v2\/posts"}],"about":[{"href":"https:\/\/www.comunicacionyescuela.es\/2024\/wp-json\/wp\/v2\/types\/post"}],"author":[{"embeddable":true,"href":"https:\/\/www.comunicacionyescuela.es\/2024\/wp-json\/wp\/v2\/users\/2"}],"replies":[{"embeddable":true,"href":"https:\/\/www.comunicacionyescuela.es\/2024\/wp-json\/wp\/v2\/comments?post=3381"}],"version-history":[{"count":1,"href":"https:\/\/www.comunicacionyescuela.es\/2024\/wp-json\/wp\/v2\/posts\/3381\/revisions"}],"predecessor-version":[{"id":3383,"href":"https:\/\/www.comunicacionyescuela.es\/2024\/wp-json\/wp\/v2\/posts\/3381\/revisions\/3383"}],"wp:featuredmedia":[{"embeddable":true,"href":"https:\/\/www.comunicacionyescuela.es\/2024\/wp-json\/wp\/v2\/media\/3382"}],"wp:attachment":[{"href":"https:\/\/www.comunicacionyescuela.es\/2024\/wp-json\/wp\/v2\/media?parent=3381"}],"wp:term":[{"taxonomy":"category","embeddable":true,"href":"https:\/\/www.comunicacionyescuela.es\/2024\/wp-json\/wp\/v2\/categories?post=3381"},{"taxonomy":"post_tag","embeddable":true,"href":"https:\/\/www.comunicacionyescuela.es\/2024\/wp-json\/wp\/v2\/tags?post=3381"}],"curies":[{"name":"wp","href":"https:\/\/api.w.org\/{rel}","templated":true}]}}